{"id":95409,"date":"2016-09-16T06:12:44","date_gmt":"2016-09-16T09:12:44","guid":{"rendered":"http:\/\/www.redenoticia.com.br\/noticia\/?p=95409"},"modified":"2016-09-15T21:13:36","modified_gmt":"2016-09-16T00:13:36","slug":"bc-reestruturacao-de-divida-impede-aumento-maior-da-inadimplencia-no-pais","status":"publish","type":"post","link":"https:\/\/www.redenoticia.com.br\/noticia\/2016\/bc-reestruturacao-de-divida-impede-aumento-maior-da-inadimplencia-no-pais\/95409","title":{"rendered":"BC: reestrutura\u00e7\u00e3o de d\u00edvida impede aumento maior da inadimpl\u00eancia no pa\u00eds"},"content":{"rendered":"<p> Em cen\u00e1rio de queda da economia, do aumento do desemprego e da alta da infla\u00e7\u00e3o, as <strong><em>renegocia\u00e7\u00f5es de d\u00edvidas<\/em><\/strong> t\u00eam ajudado a impedir um aumento maior da inadimpl\u00eancia. Segundo o Relat\u00f3rio de Estabilidade Financeira, divulgado pelo Banco Central (BC), houve um pico da chamada reestrutura\u00e7\u00e3o de d\u00edvida em junho deste ano, o que contribuiu para reduzir a inadimpl\u00eancia no encerramento do semestre.<\/p>\n<p>Segundo o BC, se n\u00e3o fossem as opera\u00e7\u00f5es de reestrutura\u00e7\u00e3o de d\u00edvidas, a inadimpl\u00eancia teria um aumento de 0,9 ponto percentual, encerrando o semestre em 4,4%.<\/p>\n<p>O BC explica que as reestrutura\u00e7\u00f5es de d\u00edvidas s\u00e3o um subconjunto das renegocia\u00e7\u00f5es, em que o tomador enfrenta dificuldades financeiras para honrar seus compromissos, e a institui\u00e7\u00e3o financeira faz concess\u00f5es, relativamente \u00e0s condi\u00e7\u00f5es de pagamento, que n\u00e3o faria em condi\u00e7\u00f5es normais de mercado, com o objetivo de reduzir perdas. As reestrutura\u00e7\u00f5es s\u00e3o estimadas pelo BC, que identifica as opera\u00e7\u00f5es vencidas e convertidas em opera\u00e7\u00f5es a vencer, sem pagamento integral dos valores em atraso.<\/p>\n<p>De acordo com o relat\u00f3rio, o fluxo mensal de reestrutura\u00e7\u00f5es de d\u00edvidas vem crescendo desde o \u00faltimo trimestre de 2015 e est\u00e3o sendo adotadas em todas as modalidades de cr\u00e9dito, mas com maior intensidade nas opera\u00e7\u00f5es de financiamento imobili\u00e1rio. O BC tamb\u00e9m destaca os financiamentos de ve\u00edculos e cart\u00e3o de cr\u00e9dito.<\/p>\n<p>Segundo o BC, o percentual de clientes banc\u00e1rios com d\u00edvidas reestruturadas que voltam \u00e0 inadimpl\u00eancia chega a 30%. O diretor de Fiscaliza\u00e7\u00e3o do BC, Anthero Meirelles, negou que a reestrutura\u00e7\u00e3o possa mascarar a inadimpl\u00eancia, porque os dados dessas opera\u00e7\u00f5es s\u00e3o conhecidos e considerados pelo BC. \u201cA reestrutura\u00e7\u00e3o pode ser benigna. \u00c9 uma tentativa de recuperar um cr\u00e9dito, que da forma negociada anteriormente, poderia dar problema\u201d, disse.<\/p>\n<p>Meirelles acrescentou que em momentos de recess\u00e3o econ\u00f4mica, como a atual, as reestrutura\u00e7\u00f5es s\u00e3o comuns. \u201cAs institui\u00e7\u00f5es financeiras vem aumentando provis\u00e3o para fazer frente a perdas esperadas, em linha com o aumento do risco de cr\u00e9dito\u201d, acrescentou.<\/p>\n<p>Lava Jato<\/p>\n<p>Apesar de n\u00e3o constar do relat\u00f3rio divulgado hoje, como ocorreu em publica\u00e7\u00f5es anteriores, Meirelles disse que o BC continua monitorando o efeito da Opera\u00e7\u00e3o Lava Jato no sistema financeiro. O BC analisa se os bancos teriam condi\u00e7\u00f5es de absorver impactos de um default (calote) de envolvidos na Opera\u00e7\u00e3o Lava Jato, como construtoras e empreiteiras. \u201cA gente continua acompanhando eventuais efeitos dessa opera\u00e7\u00e3o no sistema. N\u00e3o somente as empresas envolvidas, mas toda a cadeia de fornecedores e de empregados dessas empresas e fazendo simula\u00e7\u00f5es em fun\u00e7\u00e3o da exposi\u00e7\u00e3o do sistema\u201d, disse.<\/p>\n<p>Novas tecnologias<\/p>\n<p>No relat\u00f3rio, o BC tamb\u00e9m destacou que est\u00e1 acompanhando os impactos de mudan\u00e7as tecnol\u00f3gicas no sistema financeiro. \u201cMuitas mudan\u00e7as tecnol\u00f3gicas n\u00e3o causam mudan\u00e7as estruturais na forma de fazer neg\u00f3cios. Mas hoje, tem algumas experi\u00eancias, algumas novas tecnologias que podem trazer impacto\u201d, disse. Meirelles acrescentou que \u00e9 preciso preservar a seguran\u00e7a no sistema. \u201cAlgumas evolu\u00e7\u00f5es tecnol\u00f3gicas podem representar ganhos de efici\u00eancia, de acessibilidade ao sistema. A gente n\u00e3o quer impedir os desenvolvimentos e efetuais benef\u00edcios, mas ao mesmo tempo, sempre olhando com o olhar do regulador\u201d, destacou.<\/p>\n<p>Kelly Oliveira \u2013 Rep\u00f3rter da Ag\u00eancia Brasil<br \/>\nEdi\u00e7\u00e3o: Maria Claudia<br \/>\n16\/09\/2016<\/p>\n","protected":false},"excerpt":{"rendered":"<p>Em cen\u00e1rio de queda da economia, do aumento do desemprego e da alta da infla\u00e7\u00e3o, as renegocia\u00e7\u00f5es de d\u00edvidas t\u00eam ajudado a impedir um aumento maior da inadimpl\u00eancia. Segundo o Relat\u00f3rio de Estabilidade Financeira, divulgado pelo Banco Central (BC), houve um pico da chamada reestrutura\u00e7\u00e3o de d\u00edvida em junho deste ano, o que contribuiu para [&hellip;]<\/p>\n","protected":false},"author":2,"featured_media":38938,"comment_status":"open","ping_status":"closed","sticky":false,"template":"","format":"standard","meta":{"_genesis_hide_title":false,"_genesis_hide_breadcrumbs":false,"_genesis_hide_singular_image":false,"_genesis_hide_footer_widgets":false,"_genesis_custom_body_class":"","_genesis_custom_post_class":"","_genesis_layout":"","_jetpack_memberships_contains_paid_content":false,"footnotes":""},"categories":[22,7],"tags":[],"class_list":{"0":"post-95409","1":"post","2":"type-post","3":"status-publish","4":"format-standard","5":"has-post-thumbnail","7":"category-brasil","8":"category-economia","9":"entry","10":"gs-1","11":"gs-odd","12":"gs-even","13":"gs-featured-content-entry"},"jetpack_featured_media_url":"https:\/\/www.redenoticia.com.br\/noticia\/imagens\/economia1.jpg","jetpack_sharing_enabled":true,"jetpack_likes_enabled":true,"_links":{"self":[{"href":"https:\/\/www.redenoticia.com.br\/noticia\/wp-json\/wp\/v2\/posts\/95409","targetHints":{"allow":["GET"]}}],"collection":[{"href":"https:\/\/www.redenoticia.com.br\/noticia\/wp-json\/wp\/v2\/posts"}],"about":[{"href":"https:\/\/www.redenoticia.com.br\/noticia\/wp-json\/wp\/v2\/types\/post"}],"author":[{"embeddable":true,"href":"https:\/\/www.redenoticia.com.br\/noticia\/wp-json\/wp\/v2\/users\/2"}],"replies":[{"embeddable":true,"href":"https:\/\/www.redenoticia.com.br\/noticia\/wp-json\/wp\/v2\/comments?post=95409"}],"version-history":[{"count":0,"href":"https:\/\/www.redenoticia.com.br\/noticia\/wp-json\/wp\/v2\/posts\/95409\/revisions"}],"wp:featuredmedia":[{"embeddable":true,"href":"https:\/\/www.redenoticia.com.br\/noticia\/wp-json\/wp\/v2\/media\/38938"}],"wp:attachment":[{"href":"https:\/\/www.redenoticia.com.br\/noticia\/wp-json\/wp\/v2\/media?parent=95409"}],"wp:term":[{"taxonomy":"category","embeddable":true,"href":"https:\/\/www.redenoticia.com.br\/noticia\/wp-json\/wp\/v2\/categories?post=95409"},{"taxonomy":"post_tag","embeddable":true,"href":"https:\/\/www.redenoticia.com.br\/noticia\/wp-json\/wp\/v2\/tags?post=95409"}],"curies":[{"name":"wp","href":"https:\/\/api.w.org\/{rel}","templated":true}]}}