{"id":95319,"date":"2016-09-15T06:48:11","date_gmt":"2016-09-15T09:48:11","guid":{"rendered":"http:\/\/www.redenoticia.com.br\/noticia\/?p=95319"},"modified":"2016-09-14T19:49:27","modified_gmt":"2016-09-14T22:49:27","slug":"demanda-do-consumidor-por-credito-cresce-74-em-agosto-diz-serasa-experian","status":"publish","type":"post","link":"https:\/\/www.redenoticia.com.br\/noticia\/2016\/demanda-do-consumidor-por-credito-cresce-74-em-agosto-diz-serasa-experian\/95319","title":{"rendered":"Demanda do consumidor por cr\u00e9dito cresce 7,4% em agosto, diz Serasa Experian"},"content":{"rendered":"<p> O n\u00famero de pessoas em busca de <strong><em>cr\u00e9dito<\/em><\/strong> em agosto cresceu 7,4% em rela\u00e7\u00e3o ao m\u00eas de julho. Na compara\u00e7\u00e3o com agosto do ano passado, a alta foi de 1,9%. No acumulado do ano, a demanda do consumidor cresceu 1,7%, em rela\u00e7\u00e3o ao mesmo per\u00edodo de 2015. Os dados s\u00e3o da Serasa Experian.<\/p>\n<p>Segundo os economistas da empresa, o aumento de 7,4% em agosto na compara\u00e7\u00e3o com julho est\u00e1 ligado \u00e0 maior quantidade de dias \u00fateis (23 em agosto contra 21 no m\u00eas anterior). A mesma rela\u00e7\u00e3o ocorreu no comparativo com agosto do ano passado, que teve 21 dias \u00fateis. Isso mostra que, retirando o chamado efeito-calend\u00e1rio, a demanda do consumidor por cr\u00e9dito ainda continua bastante enfraquecida, de acordo com avalia\u00e7\u00e3o da Serasa.<\/p>\n<p>An\u00e1lise por classe de renda<\/p>\n<p>Na compara\u00e7\u00e3o com julho, a maior alta na demanda por cr\u00e9dito foi registrada entre as pessoas de baixa renda. Para aquelas que ganham at\u00e9 R$ 500 mensais, houve alta de 9,7%. Para as que recebem entre R$ 500 e R$ 1 mil por m\u00eas, o aumento foi de 9%. Para os consumidores que ganham entre R$ 1 mil e R$ 2 mil, a alta chega a 6,4%. Na faixa de R$ 2 mil a R$ 5 mil, o aumento foi de 5,1%. Entre R$ 5 mil e R$ 10 mil, a alta foi de 4,9% e, para os consumidores com rendimentos mensais superiores a R$ 10 mil, de 6,5%.<\/p>\n<p>Em rela\u00e7\u00e3o ao acumulado do ano, com exce\u00e7\u00e3o do grupo com menor renda (que teve queda de 1,8%), a busca do consumidor por cr\u00e9dito subiu em todas as demais faixas em rela\u00e7\u00e3o ao mesmo per\u00edodo de 2015. Para consumidores com renda mensal entre R$ 500 e R$ 1 mil, houve aumento de 1,3%. Na faixa de renda mensal entre R$ 1 mil e R$ 2 mil, foi registrada alta de 2,5%. Para quem ganha entre R$ 2 mil e R$ 5 mil e entre R$ 5 mil e R$ 10 mil, houve eleva\u00e7\u00e3o de 2,8%. Na faixa acima de R$ 10 mil, o aumento ficou em 2,3%.<\/p>\n<p>An\u00e1lise por regi\u00e3o<\/p>\n<p>Em agosto deste ano, na compara\u00e7\u00e3o com julho, os maiores aumentos na procura do consumidor por cr\u00e9dito, por regi\u00f5es, ocorreram no Sul (10,9%), no Nordeste (8,2%) e no Sudeste (6,6%). Em seguida, v\u00eam Centro-Oeste (5,7%) e Norte (3,6%).<\/p>\n<p>No acumulado do ano, a demanda do consumidor por cr\u00e9dito cresceu 4,3% na Regi\u00e3o Sul; 2,3%, no Sudeste; e 2,5%, no Centro-Oeste. Nas regi\u00f5es Norte e Nordeste, ocorreram quedas de 4% e 1,2% respectivamente, comparando o acumulado de janeiro a agosto de 2016 com o mesmo per\u00edodo de 2015.<\/p>\n<p>Camila Boehm \u2013 Rep\u00f3rter da Ag\u00eancia Brasil<br \/>\nEdi\u00e7\u00e3o: Juliana Andrade<br \/>\n15\/09\/2016<\/p>\n","protected":false},"excerpt":{"rendered":"<p>O n\u00famero de pessoas em busca de cr\u00e9dito em agosto cresceu 7,4% em rela\u00e7\u00e3o ao m\u00eas de julho. Na compara\u00e7\u00e3o com agosto do ano passado, a alta foi de 1,9%. No acumulado do ano, a demanda do consumidor cresceu 1,7%, em rela\u00e7\u00e3o ao mesmo per\u00edodo de 2015. Os dados s\u00e3o da Serasa Experian. Segundo os [&hellip;]<\/p>\n","protected":false},"author":2,"featured_media":57584,"comment_status":"open","ping_status":"closed","sticky":false,"template":"","format":"standard","meta":{"_genesis_hide_title":false,"_genesis_hide_breadcrumbs":false,"_genesis_hide_singular_image":false,"_genesis_hide_footer_widgets":false,"_genesis_custom_body_class":"","_genesis_custom_post_class":"","_genesis_layout":"","_jetpack_memberships_contains_paid_content":false,"footnotes":""},"categories":[22,7],"tags":[],"class_list":{"0":"post-95319","1":"post","2":"type-post","3":"status-publish","4":"format-standard","5":"has-post-thumbnail","7":"category-brasil","8":"category-economia","9":"entry","10":"gs-1","11":"gs-odd","12":"gs-even","13":"gs-featured-content-entry"},"jetpack_featured_media_url":"https:\/\/www.redenoticia.com.br\/noticia\/imagens\/economia-grafica-analise-inflacao.jpg","jetpack_sharing_enabled":true,"jetpack_likes_enabled":true,"_links":{"self":[{"href":"https:\/\/www.redenoticia.com.br\/noticia\/wp-json\/wp\/v2\/posts\/95319","targetHints":{"allow":["GET"]}}],"collection":[{"href":"https:\/\/www.redenoticia.com.br\/noticia\/wp-json\/wp\/v2\/posts"}],"about":[{"href":"https:\/\/www.redenoticia.com.br\/noticia\/wp-json\/wp\/v2\/types\/post"}],"author":[{"embeddable":true,"href":"https:\/\/www.redenoticia.com.br\/noticia\/wp-json\/wp\/v2\/users\/2"}],"replies":[{"embeddable":true,"href":"https:\/\/www.redenoticia.com.br\/noticia\/wp-json\/wp\/v2\/comments?post=95319"}],"version-history":[{"count":0,"href":"https:\/\/www.redenoticia.com.br\/noticia\/wp-json\/wp\/v2\/posts\/95319\/revisions"}],"wp:featuredmedia":[{"embeddable":true,"href":"https:\/\/www.redenoticia.com.br\/noticia\/wp-json\/wp\/v2\/media\/57584"}],"wp:attachment":[{"href":"https:\/\/www.redenoticia.com.br\/noticia\/wp-json\/wp\/v2\/media?parent=95319"}],"wp:term":[{"taxonomy":"category","embeddable":true,"href":"https:\/\/www.redenoticia.com.br\/noticia\/wp-json\/wp\/v2\/categories?post=95319"},{"taxonomy":"post_tag","embeddable":true,"href":"https:\/\/www.redenoticia.com.br\/noticia\/wp-json\/wp\/v2\/tags?post=95319"}],"curies":[{"name":"wp","href":"https:\/\/api.w.org\/{rel}","templated":true}]}}