{"id":95310,"date":"2016-09-15T06:41:49","date_gmt":"2016-09-15T09:41:49","guid":{"rendered":"http:\/\/www.redenoticia.com.br\/noticia\/?p=95310"},"modified":"2016-09-14T19:43:37","modified_gmt":"2016-09-14T22:43:37","slug":"ue-confirma-mudanca-em-sistema-de-controle-de-turistas","status":"publish","type":"post","link":"https:\/\/www.redenoticia.com.br\/noticia\/2016\/ue-confirma-mudanca-em-sistema-de-controle-de-turistas\/95310","title":{"rendered":"UE confirma mudan\u00e7a em sistema de controle de turistas"},"content":{"rendered":"<p> O presidente da <strong><em>Comiss\u00e3o Europeia<\/em><\/strong> (CE), Jean-Claude Juncker, confirmou que o bloco come\u00e7ar\u00e1 a registrar turistas que entrarem em suas fronteiras, incluindo brasileiros. As informa\u00e7\u00f5es s\u00e3o da Ag\u00eancia Ansa. O sistema ser\u00e1 proposto pela CE  at\u00e9 o pr\u00f3ximo m\u00eas de novembro e ter\u00e1 como objetivo combater o terrorismo em seus pa\u00edses-membros e a pior crise migrat\u00f3ria desde o fim da 2\u00aa Guerra Mundial.<\/p>\n<p>&#8220;Quando uma pessoa entrar na UE, ela ser\u00e1 registrada, assim como o lugar, a data e o motivo da viagem. Esse novo sistema automatizado nos dir\u00e1 quem est\u00e1 autorizado a transitar pela Uni\u00e3o Europeia antes que chegue \u00e0 regi\u00e3o&#8221;, disse Juncker, durante uma sess\u00e3o plen\u00e1ria do Parlamento Europeu em Estrasburgo, na Fran\u00e7a.<\/p>\n<p>O chamado Sistema Europeu de Informa\u00e7\u00e3o e Autoriza\u00e7\u00e3o de Viagem (Etias, na sigla em ingl\u00eas) valer\u00e1 para todos os cidad\u00e3os extracomunit\u00e1rios que n\u00e3o precisam de visto para entrar no Espa\u00e7o Schengen &#8211; \u00e1rea de livre circula\u00e7\u00e3o de pessoas dentro do bloco -, incluindo brasileiros.<\/p>\n<p>O modelo \u00e9 similar ao adotado nos Estados Unidos e coletar\u00e1 dados dos viajantes antes do embarque, permitindo que Bruxelas determine se sua presen\u00e7a colocar\u00e1 a seguran\u00e7a no bloco em risco e, eventualmente, impe\u00e7a sua entrada.<\/p>\n<p>Essas informa\u00e7\u00f5es ser\u00e3o passadas pelos pr\u00f3prios turistas, por meio do preenchimento de um question\u00e1rio online. No entanto, ao menos por enquanto, Juncker n\u00e3o mencionou nenhuma taxa, mas especula-se que a Uni\u00e3o Europeia passar\u00e1 a cobrar 50 euros (R$ 186) para cada extracomunit\u00e1rio que entrar em suas fronteiras.<\/p>\n<p> Ag\u00eancia Brasil<br \/>\nDa Ag\u00eancia Ansa<br \/>\nEdi\u00e7\u00e3o: Gra\u00e7a Adjuto<br \/>\n15\/09\/2016<\/p>\n","protected":false},"excerpt":{"rendered":"<p>O presidente da Comiss\u00e3o Europeia (CE), Jean-Claude Juncker, confirmou que o bloco come\u00e7ar\u00e1 a registrar turistas que entrarem em suas fronteiras, incluindo brasileiros. As informa\u00e7\u00f5es s\u00e3o da Ag\u00eancia Ansa. O sistema ser\u00e1 proposto pela CE at\u00e9 o pr\u00f3ximo m\u00eas de novembro e ter\u00e1 como objetivo combater o terrorismo em seus pa\u00edses-membros e a pior crise [&hellip;]<\/p>\n","protected":false},"author":2,"featured_media":39993,"comment_status":"open","ping_status":"closed","sticky":false,"template":"","format":"standard","meta":{"_genesis_hide_title":false,"_genesis_hide_breadcrumbs":false,"_genesis_hide_singular_image":false,"_genesis_hide_footer_widgets":false,"_genesis_custom_body_class":"","_genesis_custom_post_class":"","_genesis_layout":"","_jetpack_memberships_contains_paid_content":false,"footnotes":""},"categories":[22],"tags":[],"class_list":{"0":"post-95310","1":"post","2":"type-post","3":"status-publish","4":"format-standard","5":"has-post-thumbnail","7":"category-brasil","8":"entry","9":"gs-1","10":"gs-odd","11":"gs-even","12":"gs-featured-content-entry"},"jetpack_featured_media_url":"https:\/\/www.redenoticia.com.br\/noticia\/imagens\/viagem-turismo-ferias-mapa.jpg","jetpack_sharing_enabled":true,"jetpack_likes_enabled":true,"_links":{"self":[{"href":"https:\/\/www.redenoticia.com.br\/noticia\/wp-json\/wp\/v2\/posts\/95310","targetHints":{"allow":["GET"]}}],"collection":[{"href":"https:\/\/www.redenoticia.com.br\/noticia\/wp-json\/wp\/v2\/posts"}],"about":[{"href":"https:\/\/www.redenoticia.com.br\/noticia\/wp-json\/wp\/v2\/types\/post"}],"author":[{"embeddable":true,"href":"https:\/\/www.redenoticia.com.br\/noticia\/wp-json\/wp\/v2\/users\/2"}],"replies":[{"embeddable":true,"href":"https:\/\/www.redenoticia.com.br\/noticia\/wp-json\/wp\/v2\/comments?post=95310"}],"version-history":[{"count":0,"href":"https:\/\/www.redenoticia.com.br\/noticia\/wp-json\/wp\/v2\/posts\/95310\/revisions"}],"wp:featuredmedia":[{"embeddable":true,"href":"https:\/\/www.redenoticia.com.br\/noticia\/wp-json\/wp\/v2\/media\/39993"}],"wp:attachment":[{"href":"https:\/\/www.redenoticia.com.br\/noticia\/wp-json\/wp\/v2\/media?parent=95310"}],"wp:term":[{"taxonomy":"category","embeddable":true,"href":"https:\/\/www.redenoticia.com.br\/noticia\/wp-json\/wp\/v2\/categories?post=95310"},{"taxonomy":"post_tag","embeddable":true,"href":"https:\/\/www.redenoticia.com.br\/noticia\/wp-json\/wp\/v2\/tags?post=95310"}],"curies":[{"name":"wp","href":"https:\/\/api.w.org\/{rel}","templated":true}]}}