{"id":95228,"date":"2016-09-14T06:09:08","date_gmt":"2016-09-14T09:09:08","guid":{"rendered":"http:\/\/www.redenoticia.com.br\/noticia\/?p=95228"},"modified":"2016-09-13T21:00:58","modified_gmt":"2016-09-14T00:00:58","slug":"pedidos-de-recuperacao-judicial-no-comercio-mais-que-dobram-em-2016","status":"publish","type":"post","link":"https:\/\/www.redenoticia.com.br\/noticia\/2016\/pedidos-de-recuperacao-judicial-no-comercio-mais-que-dobram-em-2016\/95228","title":{"rendered":"Pedidos de recupera\u00e7\u00e3o judicial no com\u00e9rcio mais que dobram em 2016"},"content":{"rendered":"<p> Entre janeiro e julho deste ano, os pedidos de <strong><em>recupera\u00e7\u00e3o judicial<\/em><\/strong> no setor de com\u00e9rcio em todo o pa\u00eds mais que dobraram na compara\u00e7\u00e3o com o mesmo per\u00edodo do ano anterior. Segundo levantamento da Serasa Experian, os pedidos de recupera\u00e7\u00e3o judicial cresceram 106,9% no per\u00edodo.<\/p>\n<p>Nos sete primeiros meses deste ano, foram 387 requerimentos de recupera\u00e7\u00f5es judiciais, ante 187 pedidos registrados no mesmo per\u00edodo de 2015.<\/p>\n<p>A recupera\u00e7\u00e3o se d\u00e1, segundo a Serasa Experian, quando a empresa entra com o pedido de recupera\u00e7\u00e3o em ju\u00edzo, acompanhado da documenta\u00e7\u00e3o prevista em lei. O pedido \u00e9 analisado pelo juiz, que decide se acata ou n\u00e3o.<\/p>\n<p>Al\u00e9m do com\u00e9rcio, o setor de servi\u00e7os tamb\u00e9m registrou aumento significativo neste tipo de pedido. De janeiro a julho deste ano, foram 427 pedidos. No mesmo per\u00edodo do ano passado, foram 252. O setor industrial, por sua vez, passou de 166 pedidos de recupera\u00e7\u00e3o judicial no ano passado para 254 este ano, de janeiro a julho.<\/p>\n<p>Na avalia\u00e7\u00e3o mensal, tamb\u00e9m foi registrado aumento no n\u00famero de pedidos de recupera\u00e7\u00e3o requeridos, passando de 135 em julho do ano passado para 175 este ano, considerando todos os segmentos. Para os economistas da Serasa Experian, a queda no consumo das fam\u00edlias este ano, provocada pelo desemprego, infla\u00e7\u00e3o e juros altos, impactou negativamente no com\u00e9rcio, aumentando os pedidos de recupera\u00e7\u00e3o judicial das empresas deste setor.<\/p>\n<p>Fal\u00eancia<\/p>\n<p>Quanto aos pedidos de fal\u00eancia, o setor mais impactado nos sete primeiros meses de 2016 foi o de servi\u00e7os, que passou de 361 pedidos no ano passado para 421 este ano. Na ind\u00fastria, o n\u00famero de fal\u00eancias requeridas passou de 355 em 2015 para 395 este ano. No com\u00e9rcio, as fal\u00eancias se mantiveram est\u00e1veis, com 240 pedidos.<\/p>\n<p>Analisando apenas o m\u00eas de julho, o setor de servi\u00e7os foi o \u00fanico a apresentar queda no n\u00famero de pedidos de fal\u00eancia, somando 54 contra 62 em julho do ano passado. Na ind\u00fastria ocorreram 82 pedidos este ano, enquanto no com\u00e9rcio foram 53 pedidos.<\/p>\n<p>Elaine Patricia Cruz &#8211; Rep\u00f3rter da Ag\u00eancia Brasil<br \/>\nEdi\u00e7\u00e3o: Luana Louren\u00e7o<br \/>\n14\/09\/2016<\/p>\n","protected":false},"excerpt":{"rendered":"<p>Entre janeiro e julho deste ano, os pedidos de recupera\u00e7\u00e3o judicial no setor de com\u00e9rcio em todo o pa\u00eds mais que dobraram na compara\u00e7\u00e3o com o mesmo per\u00edodo do ano anterior. Segundo levantamento da Serasa Experian, os pedidos de recupera\u00e7\u00e3o judicial cresceram 106,9% no per\u00edodo. Nos sete primeiros meses deste ano, foram 387 requerimentos de [&hellip;]<\/p>\n","protected":false},"author":2,"featured_media":38938,"comment_status":"open","ping_status":"closed","sticky":false,"template":"","format":"standard","meta":{"_genesis_hide_title":false,"_genesis_hide_breadcrumbs":false,"_genesis_hide_singular_image":false,"_genesis_hide_footer_widgets":false,"_genesis_custom_body_class":"","_genesis_custom_post_class":"","_genesis_layout":"","_jetpack_memberships_contains_paid_content":false,"footnotes":""},"categories":[22,7],"tags":[],"class_list":{"0":"post-95228","1":"post","2":"type-post","3":"status-publish","4":"format-standard","5":"has-post-thumbnail","7":"category-brasil","8":"category-economia","9":"entry","10":"gs-1","11":"gs-odd","12":"gs-even","13":"gs-featured-content-entry"},"jetpack_featured_media_url":"https:\/\/www.redenoticia.com.br\/noticia\/imagens\/economia1.jpg","jetpack_sharing_enabled":true,"jetpack_likes_enabled":true,"_links":{"self":[{"href":"https:\/\/www.redenoticia.com.br\/noticia\/wp-json\/wp\/v2\/posts\/95228","targetHints":{"allow":["GET"]}}],"collection":[{"href":"https:\/\/www.redenoticia.com.br\/noticia\/wp-json\/wp\/v2\/posts"}],"about":[{"href":"https:\/\/www.redenoticia.com.br\/noticia\/wp-json\/wp\/v2\/types\/post"}],"author":[{"embeddable":true,"href":"https:\/\/www.redenoticia.com.br\/noticia\/wp-json\/wp\/v2\/users\/2"}],"replies":[{"embeddable":true,"href":"https:\/\/www.redenoticia.com.br\/noticia\/wp-json\/wp\/v2\/comments?post=95228"}],"version-history":[{"count":0,"href":"https:\/\/www.redenoticia.com.br\/noticia\/wp-json\/wp\/v2\/posts\/95228\/revisions"}],"wp:featuredmedia":[{"embeddable":true,"href":"https:\/\/www.redenoticia.com.br\/noticia\/wp-json\/wp\/v2\/media\/38938"}],"wp:attachment":[{"href":"https:\/\/www.redenoticia.com.br\/noticia\/wp-json\/wp\/v2\/media?parent=95228"}],"wp:term":[{"taxonomy":"category","embeddable":true,"href":"https:\/\/www.redenoticia.com.br\/noticia\/wp-json\/wp\/v2\/categories?post=95228"},{"taxonomy":"post_tag","embeddable":true,"href":"https:\/\/www.redenoticia.com.br\/noticia\/wp-json\/wp\/v2\/tags?post=95228"}],"curies":[{"name":"wp","href":"https:\/\/api.w.org\/{rel}","templated":true}]}}