{"id":95224,"date":"2016-09-14T06:06:48","date_gmt":"2016-09-14T09:06:48","guid":{"rendered":"http:\/\/www.redenoticia.com.br\/noticia\/?p=95224"},"modified":"2016-09-13T20:58:52","modified_gmt":"2016-09-13T23:58:52","slug":"vendas-do-comercio-varejista-caem-03-entre-junho-e-julho","status":"publish","type":"post","link":"https:\/\/www.redenoticia.com.br\/noticia\/2016\/vendas-do-comercio-varejista-caem-03-entre-junho-e-julho\/95224","title":{"rendered":"Vendas do com\u00e9rcio varejista caem 0,3% entre junho e julho"},"content":{"rendered":"<p> O <strong><em>volume de vendas no com\u00e9rcio varejista<\/em><\/strong> caiu 0,3% na passagem de junho para julho deste ano. A queda veio depois de uma alta de 0,3% na passagem de maio para junho. Os dados da Pesquisa Mensal de Com\u00e9rcio (PMC) foram divulgados pelo Instituto Brasileiro de Geografia e Estat\u00edstica (IBGE).<\/p>\n<p>Tamb\u00e9m foram registradas quedas em outros quatro tipos de compara\u00e7\u00e3o: m\u00e9dia m\u00f3vel trimestral (-0,3%), em rela\u00e7\u00e3o a julho de 2015 (-5,3%), no acumulado do ano (-6,7%) e no acumulado de 12 meses (-6,8%).<\/p>\n<p>Dos oito setores pesquisados pelo IBGE, seis tiveram queda no volume de vendas entre junho e julho, com destaque para tecidos, vestu\u00e1rio e cal\u00e7ados, com recuo de 5,9%. Tamb\u00e9m tiveram quedas, os segmentos de combust\u00edveis e lubrificantes (-0,3%), supermercados, alimentos, bebidas e fumo (-0,3%), m\u00f3veis e eletrodom\u00e9sticos (-1%), livros, jornais, revistas e papelaria (-1,2%) e outros artigos de uso pessoal e dom\u00e9stico (-0,9%).<\/p>\n<p> Por outro lado, tiveram alta os segmentos de equipamentos e materiais para escrit\u00f3rio, inform\u00e1tica e comunica\u00e7\u00e3o (5,9%) e artigos farmac\u00eauticos, m\u00e9dicos, ortop\u00e9dicos e de perfumaria (0,7%).<\/p>\n<p>Considerando-se tamb\u00e9m os segmentos de ve\u00edculos e pe\u00e7as e de materiais de constru\u00e7\u00e3o, ou seja, o chamado varejo ampliado, houve queda de 0,5% entre junho e julho. Os ve\u00edculos, motos e pe\u00e7as tiveram recuo de 0,3% nas vendas, enquanto os materiais de constru\u00e7\u00e3o ca\u00edram 2,5%.<\/p>\n<p>Receita Nominal<\/p>\n<p>A receita nominal do com\u00e9rcio varejista avan\u00e7ou em todos os tipos de compara\u00e7\u00e3o: entre junho e julho (0,7%), m\u00e9dia m\u00f3vel trimestral (0,7%), em rela\u00e7\u00e3o a julho de 2015 (6,7%), no acumulado do ano (4,9%) e no acumulado de 12 meses (3,7%).<\/p>\n<p>No varejo ampliado, a receita nominal cresceu 0,7% entre junho e julho e 0,5% na m\u00e9dia m\u00f3vel trimestral. No entanto, recuou 1,3% na compara\u00e7\u00e3o com julho de 2015, 0,8% no acumulado do ano e 2,1% no acumulado de 12 meses.<\/p>\n<p>Vitor Abdala \u2013 Rep\u00f3rter da Ag\u00eancia Brasil<br \/>\nEdi\u00e7\u00e3o: Denise Griesinger<br \/>\n14\/09\/2016<\/p>\n","protected":false},"excerpt":{"rendered":"<p>O volume de vendas no com\u00e9rcio varejista caiu 0,3% na passagem de junho para julho deste ano. A queda veio depois de uma alta de 0,3% na passagem de maio para junho. Os dados da Pesquisa Mensal de Com\u00e9rcio (PMC) foram divulgados pelo Instituto Brasileiro de Geografia e Estat\u00edstica (IBGE). Tamb\u00e9m foram registradas quedas em [&hellip;]<\/p>\n","protected":false},"author":2,"featured_media":57585,"comment_status":"open","ping_status":"closed","sticky":false,"template":"","format":"standard","meta":{"_genesis_hide_title":false,"_genesis_hide_breadcrumbs":false,"_genesis_hide_singular_image":false,"_genesis_hide_footer_widgets":false,"_genesis_custom_body_class":"","_genesis_custom_post_class":"","_genesis_layout":"","_jetpack_memberships_contains_paid_content":false,"footnotes":""},"categories":[22,7],"tags":[],"class_list":{"0":"post-95224","1":"post","2":"type-post","3":"status-publish","4":"format-standard","5":"has-post-thumbnail","7":"category-brasil","8":"category-economia","9":"entry","10":"gs-1","11":"gs-odd","12":"gs-even","13":"gs-featured-content-entry"},"jetpack_featured_media_url":"https:\/\/www.redenoticia.com.br\/noticia\/imagens\/analise-economia.jpg","jetpack_sharing_enabled":true,"jetpack_likes_enabled":true,"_links":{"self":[{"href":"https:\/\/www.redenoticia.com.br\/noticia\/wp-json\/wp\/v2\/posts\/95224","targetHints":{"allow":["GET"]}}],"collection":[{"href":"https:\/\/www.redenoticia.com.br\/noticia\/wp-json\/wp\/v2\/posts"}],"about":[{"href":"https:\/\/www.redenoticia.com.br\/noticia\/wp-json\/wp\/v2\/types\/post"}],"author":[{"embeddable":true,"href":"https:\/\/www.redenoticia.com.br\/noticia\/wp-json\/wp\/v2\/users\/2"}],"replies":[{"embeddable":true,"href":"https:\/\/www.redenoticia.com.br\/noticia\/wp-json\/wp\/v2\/comments?post=95224"}],"version-history":[{"count":0,"href":"https:\/\/www.redenoticia.com.br\/noticia\/wp-json\/wp\/v2\/posts\/95224\/revisions"}],"wp:featuredmedia":[{"embeddable":true,"href":"https:\/\/www.redenoticia.com.br\/noticia\/wp-json\/wp\/v2\/media\/57585"}],"wp:attachment":[{"href":"https:\/\/www.redenoticia.com.br\/noticia\/wp-json\/wp\/v2\/media?parent=95224"}],"wp:term":[{"taxonomy":"category","embeddable":true,"href":"https:\/\/www.redenoticia.com.br\/noticia\/wp-json\/wp\/v2\/categories?post=95224"},{"taxonomy":"post_tag","embeddable":true,"href":"https:\/\/www.redenoticia.com.br\/noticia\/wp-json\/wp\/v2\/tags?post=95224"}],"curies":[{"name":"wp","href":"https:\/\/api.w.org\/{rel}","templated":true}]}}