{"id":95222,"date":"2016-09-14T06:05:20","date_gmt":"2016-09-14T09:05:20","guid":{"rendered":"http:\/\/www.redenoticia.com.br\/noticia\/?p=95222"},"modified":"2016-09-13T20:57:38","modified_gmt":"2016-09-13T23:57:38","slug":"servicos-de-educacao-e-saude-em-sp-sobem-mais-que-a-inflacao","status":"publish","type":"post","link":"https:\/\/www.redenoticia.com.br\/noticia\/2016\/servicos-de-educacao-e-saude-em-sp-sobem-mais-que-a-inflacao\/95222","title":{"rendered":"Servi\u00e7os de educa\u00e7\u00e3o e sa\u00fade em SP sobem mais que a infla\u00e7\u00e3o"},"content":{"rendered":"<p> O setor de educa\u00e7\u00e3o registrou eleva\u00e7\u00e3o de pre\u00e7os de 7,10% e o de sa\u00fade de 7,77% de janeiro a julho, superando a m\u00e9dia da infla\u00e7\u00e3o nos primeiros sete meses de 2016, de acordo com o <strong><em>\u00cdndice de Pre\u00e7os de Servi\u00e7os<\/em><\/strong> (IPS). Junto com o \u00cdndice de Pre\u00e7os do Varejo (IPV), o indicador comp\u00f5e o Custo de Vida por Classe Social para a Regi\u00e3o Metropolitana de S\u00e3o Paulo (CVCS), pesquisa mensal da Federa\u00e7\u00e3o do Com\u00e9rcio de Bens, Servi\u00e7os e Turismo do Estado de S\u00e3o Paulo (FecomercioSP).<\/p>\n<p>Os pre\u00e7os dos servi\u00e7os medidos pelo IPS subiram em m\u00e9dia 4,10% de janeiro a julho. As maiores altas foram nos itens sa\u00fade e cuidados pessoais (7,77%), educa\u00e7\u00e3o (7,10%) e habita\u00e7\u00e3o (4,25%). O item servi\u00e7os representam 48,5% no CVCS e o peso destes grupos somados no IPS chega a quase 50%, sendo 26% de habita\u00e7\u00e3o, 11% de sa\u00fade e cuidados pessoais e 11% para educa\u00e7\u00e3o.<\/p>\n<p> Com rela\u00e7\u00e3o \u00e0 sa\u00fade, o grupo de servi\u00e7os m\u00e9dicos e dent\u00e1rios acumula aumento de 5,18% nos setes meses de 2016, tendo como destaque os subitens dentista (5,92%) e fisioterapeuta (6,44%). J\u00e1 os grupos servi\u00e7os laboratoriais e hospitalares e plano de sa\u00fade acumulam alta de 9,98% e 7,38%, respectivamente.<\/p>\n<p>No segmento educa\u00e7\u00e3o, as maiores altas foram observadas no subitem cursos regulares (7,33%), com as maiores varia\u00e7\u00f5es em Educa\u00e7\u00e3o infantil (12,67%), Ensino fundamental (10,8%) e Ensino superior (10,64%). Em seguida, aparece o item cursos diversos (6,22%), com maiores altas nos cursos preparat\u00f3rios  (11,71%) e curso de idioma (8,34%).<\/p>\n<p>Para a FecomercioSP, a alta de pre\u00e7os nesses dois grupos compromete ainda mais o or\u00e7amento das fam\u00edlias, pois tratam-se de servi\u00e7os de necessidade b\u00e1sica e que dificilmente podem ser suprimidos sem comprometer o bem-estar.<\/p>\n<p>Perfil dos gastos<\/p>\n<p>De acordo com o levantamento, na an\u00e1lise por classe social, as fam\u00edlias que possuem maior rendimento s\u00e3o as que mais destinam uma porcentagem da renda para os servi\u00e7os de sa\u00fade e as que possuem rendimento inferior recorrem a tratamentos no sistema p\u00fablico de sa\u00fade. As classes de renda A (rendimento superior a R$ 12.207,23) e B (rendimento entre R$ 7.324,34 a R$ 12.207,22) gastam 13% e 15%, respectivamente com sa\u00fade. J\u00e1 as classes E (rendimento inferior a R$ 976,58) e D (rendimento entre R$ 976,59 a R$ 1.464,87) destinam 3,3% e 5,8% da renda para esses servi\u00e7os.<\/p>\n<p>Com rela\u00e7\u00e3o aos gastos com a educa\u00e7\u00e3o, as fam\u00edlias com rendimentos entre R$ 7.324,34 a R$ 12.207,22 destinam, em m\u00e9dia, 17,4% do seu or\u00e7amento para o segmento. J\u00e1 as fam\u00edlias com rendimentos maiores do que R$ 12.207,23 gastam 13,2% com servi\u00e7os de educa\u00e7\u00e3o. As fam\u00edlias com rendimento inferior a R$ 976,58 n\u00e3o ultrapassam 1,4% do seu or\u00e7amento com gastos desta natureza. J\u00e1 os lares que se enquadram entre o rendimento m\u00e9dio de R$ 976,59 a R$ 1.464,87 direcionam 2,1% para os servi\u00e7os educacionais.<\/p>\n<p>Fl\u00e1via Albuquerque &#8211; Rep\u00f3rter da Ag\u00eancia Brasil<br \/>\nEdi\u00e7\u00e3o: Luana Louren\u00e7o<br \/>\n14\/09\/2016<\/p>\n","protected":false},"excerpt":{"rendered":"<p>O setor de educa\u00e7\u00e3o registrou eleva\u00e7\u00e3o de pre\u00e7os de 7,10% e o de sa\u00fade de 7,77% de janeiro a julho, superando a m\u00e9dia da infla\u00e7\u00e3o nos primeiros sete meses de 2016, de acordo com o \u00cdndice de Pre\u00e7os de Servi\u00e7os (IPS). Junto com o \u00cdndice de Pre\u00e7os do Varejo (IPV), o indicador comp\u00f5e o Custo [&hellip;]<\/p>\n","protected":false},"author":2,"featured_media":34916,"comment_status":"open","ping_status":"closed","sticky":false,"template":"","format":"standard","meta":{"_genesis_hide_title":false,"_genesis_hide_breadcrumbs":false,"_genesis_hide_singular_image":false,"_genesis_hide_footer_widgets":false,"_genesis_custom_body_class":"","_genesis_custom_post_class":"","_genesis_layout":"","_jetpack_memberships_contains_paid_content":false,"footnotes":""},"categories":[22,7],"tags":[],"class_list":{"0":"post-95222","1":"post","2":"type-post","3":"status-publish","4":"format-standard","5":"has-post-thumbnail","7":"category-brasil","8":"category-economia","9":"entry","10":"gs-1","11":"gs-odd","12":"gs-even","13":"gs-featured-content-entry"},"jetpack_featured_media_url":"https:\/\/www.redenoticia.com.br\/noticia\/imagens\/inflacao.jpg","jetpack_sharing_enabled":true,"jetpack_likes_enabled":true,"_links":{"self":[{"href":"https:\/\/www.redenoticia.com.br\/noticia\/wp-json\/wp\/v2\/posts\/95222","targetHints":{"allow":["GET"]}}],"collection":[{"href":"https:\/\/www.redenoticia.com.br\/noticia\/wp-json\/wp\/v2\/posts"}],"about":[{"href":"https:\/\/www.redenoticia.com.br\/noticia\/wp-json\/wp\/v2\/types\/post"}],"author":[{"embeddable":true,"href":"https:\/\/www.redenoticia.com.br\/noticia\/wp-json\/wp\/v2\/users\/2"}],"replies":[{"embeddable":true,"href":"https:\/\/www.redenoticia.com.br\/noticia\/wp-json\/wp\/v2\/comments?post=95222"}],"version-history":[{"count":0,"href":"https:\/\/www.redenoticia.com.br\/noticia\/wp-json\/wp\/v2\/posts\/95222\/revisions"}],"wp:featuredmedia":[{"embeddable":true,"href":"https:\/\/www.redenoticia.com.br\/noticia\/wp-json\/wp\/v2\/media\/34916"}],"wp:attachment":[{"href":"https:\/\/www.redenoticia.com.br\/noticia\/wp-json\/wp\/v2\/media?parent=95222"}],"wp:term":[{"taxonomy":"category","embeddable":true,"href":"https:\/\/www.redenoticia.com.br\/noticia\/wp-json\/wp\/v2\/categories?post=95222"},{"taxonomy":"post_tag","embeddable":true,"href":"https:\/\/www.redenoticia.com.br\/noticia\/wp-json\/wp\/v2\/tags?post=95222"}],"curies":[{"name":"wp","href":"https:\/\/api.w.org\/{rel}","templated":true}]}}