{"id":95220,"date":"2016-09-14T06:04:30","date_gmt":"2016-09-14T09:04:30","guid":{"rendered":"http:\/\/www.redenoticia.com.br\/noticia\/?p=95220"},"modified":"2016-09-13T20:55:14","modified_gmt":"2016-09-13T23:55:14","slug":"taxa-media-de-juros-do-cheque-especial-e-do-emprestimo-pessoal-volta-a-subir","status":"publish","type":"post","link":"https:\/\/www.redenoticia.com.br\/noticia\/2016\/taxa-media-de-juros-do-cheque-especial-e-do-emprestimo-pessoal-volta-a-subir\/95220","title":{"rendered":"Taxa m\u00e9dia de juros do cheque especial e do empr\u00e9stimo pessoal volta a subir"},"content":{"rendered":"<p> Os bancos voltaram a elevar as <strong><em>taxas de juros do cheque especial<\/em><\/strong> e do empr\u00e9stimo pessoal em setembro. Pesquisa do Procon de S\u00e3o Paulo aponta que, das sete institui\u00e7\u00f5es financeiras que fazem parte do levantamento (Banco do Brasil, Bradesco, Caixa Econ\u00f4mica Federal, HSBC, Ita\u00fa, Safra, Santander), duas aumentaram a taxa de cheque especial e uma do empr\u00e9stimo pessoal.<\/p>\n<p>A taxa m\u00e9dia do cheque especial dos bancos pesquisados foi de 13,56% ao m\u00eas, superior a de agosto, que foi de 13,52%, alta de 0,04 ponto percentual.<\/p>\n<p> A maior eleva\u00e7\u00e3o foi verificada no Banco do Brasil, que alterou a taxa de 12,83% para 13,04% ao m\u00eas, uma varia\u00e7\u00e3o positiva de 1,64% em rela\u00e7\u00e3o \u00e0 taxa de agosto de 2016. A outra alta foi apresentada pela Caixa Econ\u00f4mica Federal, altera\u00e7\u00e3o de 12,93% para 13,05%, varia\u00e7\u00e3o positiva de 0,93%.<\/p>\n<p>A menor taxa para o cheque especial praticada no mercado, dentre os sete bancos pesquisados, \u00e9 a do banco Safra (12,6% ao m\u00eas); a maior \u00e9 do Santander (15,19%).<\/p>\n<p>A taxa m\u00e9dia dos bancos para o empr\u00e9stimo pessoal foi 6,80% ao m\u00eas, 0,24 ponto percentual superior \u00e0 do m\u00eas de agosto (6,56%). A \u00fanica modifica\u00e7\u00e3o nesta modalidade de cr\u00e9dito foi promovida pelo Banco HSBC, que alterou a taxa de 7,30% para 8,99% ao m\u00eas, uma varia\u00e7\u00e3o positiva de 23,15%.<\/p>\n<p>A menor taxa do empr\u00e9stimo pessoal praticada em setembro \u00e9 da Caixa Econ\u00f4mica Federa (5,5% ao m\u00eas); j\u00e1 a maior \u00e9 do HSBC (8,99% ao m\u00eas).<\/p>\n<p>Bruno Bocchini \u2013 Rep\u00f3rter da Ag\u00eancia Brasil<br \/>\nEdi\u00e7\u00e3o: Denise Griesinger<br \/>\n14\/09\/2016<\/p>\n","protected":false},"excerpt":{"rendered":"<p>Os bancos voltaram a elevar as taxas de juros do cheque especial e do empr\u00e9stimo pessoal em setembro. Pesquisa do Procon de S\u00e3o Paulo aponta que, das sete institui\u00e7\u00f5es financeiras que fazem parte do levantamento (Banco do Brasil, Bradesco, Caixa Econ\u00f4mica Federal, HSBC, Ita\u00fa, Safra, Santander), duas aumentaram a taxa de cheque especial e uma [&hellip;]<\/p>\n","protected":false},"author":2,"featured_media":57582,"comment_status":"open","ping_status":"closed","sticky":false,"template":"","format":"standard","meta":{"_genesis_hide_title":false,"_genesis_hide_breadcrumbs":false,"_genesis_hide_singular_image":false,"_genesis_hide_footer_widgets":false,"_genesis_custom_body_class":"","_genesis_custom_post_class":"","_genesis_layout":"","_jetpack_memberships_contains_paid_content":false,"footnotes":""},"categories":[22,7],"tags":[],"class_list":{"0":"post-95220","1":"post","2":"type-post","3":"status-publish","4":"format-standard","5":"has-post-thumbnail","7":"category-brasil","8":"category-economia","9":"entry","10":"gs-1","11":"gs-odd","12":"gs-even","13":"gs-featured-content-entry"},"jetpack_featured_media_url":"https:\/\/www.redenoticia.com.br\/noticia\/imagens\/grafico1.jpg","jetpack_sharing_enabled":true,"jetpack_likes_enabled":true,"_links":{"self":[{"href":"https:\/\/www.redenoticia.com.br\/noticia\/wp-json\/wp\/v2\/posts\/95220","targetHints":{"allow":["GET"]}}],"collection":[{"href":"https:\/\/www.redenoticia.com.br\/noticia\/wp-json\/wp\/v2\/posts"}],"about":[{"href":"https:\/\/www.redenoticia.com.br\/noticia\/wp-json\/wp\/v2\/types\/post"}],"author":[{"embeddable":true,"href":"https:\/\/www.redenoticia.com.br\/noticia\/wp-json\/wp\/v2\/users\/2"}],"replies":[{"embeddable":true,"href":"https:\/\/www.redenoticia.com.br\/noticia\/wp-json\/wp\/v2\/comments?post=95220"}],"version-history":[{"count":0,"href":"https:\/\/www.redenoticia.com.br\/noticia\/wp-json\/wp\/v2\/posts\/95220\/revisions"}],"wp:featuredmedia":[{"embeddable":true,"href":"https:\/\/www.redenoticia.com.br\/noticia\/wp-json\/wp\/v2\/media\/57582"}],"wp:attachment":[{"href":"https:\/\/www.redenoticia.com.br\/noticia\/wp-json\/wp\/v2\/media?parent=95220"}],"wp:term":[{"taxonomy":"category","embeddable":true,"href":"https:\/\/www.redenoticia.com.br\/noticia\/wp-json\/wp\/v2\/categories?post=95220"},{"taxonomy":"post_tag","embeddable":true,"href":"https:\/\/www.redenoticia.com.br\/noticia\/wp-json\/wp\/v2\/tags?post=95220"}],"curies":[{"name":"wp","href":"https:\/\/api.w.org\/{rel}","templated":true}]}}