{"id":95114,"date":"2016-09-13T06:29:11","date_gmt":"2016-09-13T09:29:11","guid":{"rendered":"http:\/\/www.redenoticia.com.br\/noticia\/?p=95114"},"modified":"2016-09-12T18:29:57","modified_gmt":"2016-09-12T21:29:57","slug":"producao-de-motos-cai-186-em-agosto-diz-abraciclo","status":"publish","type":"post","link":"https:\/\/www.redenoticia.com.br\/noticia\/2016\/producao-de-motos-cai-186-em-agosto-diz-abraciclo\/95114","title":{"rendered":"Produ\u00e7\u00e3o de motos cai 18,6% em agosto, diz Abraciclo"},"content":{"rendered":"<p> A <strong><em>produ\u00e7\u00e3o de motocicletas<\/em><\/strong> no pa\u00eds totalizou 92.791 unidades em agosto. O n\u00famero representa uma queda de 18,6% na compara\u00e7\u00e3o com o mesmo per\u00edodo do ano passado, quando foram produzidas 113.982 unidades, de acordo com dados divulgados pela Associa\u00e7\u00e3o Brasileira dos Fabricantes de Motocicletas, Ciclomotores, Motonetas, Bicicletas e Similares (Abraciclo). Em compara\u00e7\u00e3o com julho, quando a produ\u00e7\u00e3o somou 75.233 motos, houve alta de 23,3%. No acumulado do ano, o total produzido chega a 632.381 unidades, queda de 30,8% em rela\u00e7\u00e3o a igual per\u00edodo de 2015 (913.972).<\/p>\n<p>Em agosto, as vendas para as concession\u00e1rias chegaram a 83.236 unidades, 18,3% a menos do que no mesmo per\u00edodo do ano passado (101.927 unidades). Em julho, foram comercializadas 71.760 motocicletas, o que corresponde a uma eleva\u00e7\u00e3o de 16%. De janeiro a agosto, as vendas somaram 607.185, redu\u00e7\u00e3o de 29% sobre o mesmo per\u00edodo do ano passado (854.674).<\/p>\n<p>\u201cMuito embora o resultado de agosto tenha sido um dos piores do ano, o setor tem expectativa de recupera\u00e7\u00e3o das vendas para os pr\u00f3ximos meses em fun\u00e7\u00e3o das medidas econ\u00f4micas a serem implantadas\u201d, disse o presidente da Abraciclo, Marcos Fermanian.<\/p>\n<p>Segundo a entidade, foram licenciadas em agosto 76.460 motos contra as 98.188 unidades vendidas no mesmo per\u00edodo de 2015, o que mostra um recuo de 22,1%. Em rela\u00e7\u00e3o a julho, quando foram emplacadas 74.417 motocicletas, houve aumento de 2,7%.<\/p>\n<p>Fl\u00e1via Albuquerque &#8211; Rep\u00f3rter da Ag\u00eancia Brasil<br \/>\nEdi\u00e7\u00e3o: Juliana Andrade<br \/>\n13\/09\/2016<\/p>\n","protected":false},"excerpt":{"rendered":"<p>A produ\u00e7\u00e3o de motocicletas no pa\u00eds totalizou 92.791 unidades em agosto. O n\u00famero representa uma queda de 18,6% na compara\u00e7\u00e3o com o mesmo per\u00edodo do ano passado, quando foram produzidas 113.982 unidades, de acordo com dados divulgados pela Associa\u00e7\u00e3o Brasileira dos Fabricantes de Motocicletas, Ciclomotores, Motonetas, Bicicletas e Similares (Abraciclo). Em compara\u00e7\u00e3o com julho, quando [&hellip;]<\/p>\n","protected":false},"author":2,"featured_media":38938,"comment_status":"open","ping_status":"closed","sticky":false,"template":"","format":"standard","meta":{"_genesis_hide_title":false,"_genesis_hide_breadcrumbs":false,"_genesis_hide_singular_image":false,"_genesis_hide_footer_widgets":false,"_genesis_custom_body_class":"","_genesis_custom_post_class":"","_genesis_layout":"","_jetpack_memberships_contains_paid_content":false,"footnotes":""},"categories":[22,7],"tags":[],"class_list":{"0":"post-95114","1":"post","2":"type-post","3":"status-publish","4":"format-standard","5":"has-post-thumbnail","7":"category-brasil","8":"category-economia","9":"entry","10":"gs-1","11":"gs-odd","12":"gs-even","13":"gs-featured-content-entry"},"jetpack_featured_media_url":"https:\/\/www.redenoticia.com.br\/noticia\/imagens\/economia1.jpg","jetpack_sharing_enabled":true,"jetpack_likes_enabled":true,"_links":{"self":[{"href":"https:\/\/www.redenoticia.com.br\/noticia\/wp-json\/wp\/v2\/posts\/95114","targetHints":{"allow":["GET"]}}],"collection":[{"href":"https:\/\/www.redenoticia.com.br\/noticia\/wp-json\/wp\/v2\/posts"}],"about":[{"href":"https:\/\/www.redenoticia.com.br\/noticia\/wp-json\/wp\/v2\/types\/post"}],"author":[{"embeddable":true,"href":"https:\/\/www.redenoticia.com.br\/noticia\/wp-json\/wp\/v2\/users\/2"}],"replies":[{"embeddable":true,"href":"https:\/\/www.redenoticia.com.br\/noticia\/wp-json\/wp\/v2\/comments?post=95114"}],"version-history":[{"count":0,"href":"https:\/\/www.redenoticia.com.br\/noticia\/wp-json\/wp\/v2\/posts\/95114\/revisions"}],"wp:featuredmedia":[{"embeddable":true,"href":"https:\/\/www.redenoticia.com.br\/noticia\/wp-json\/wp\/v2\/media\/38938"}],"wp:attachment":[{"href":"https:\/\/www.redenoticia.com.br\/noticia\/wp-json\/wp\/v2\/media?parent=95114"}],"wp:term":[{"taxonomy":"category","embeddable":true,"href":"https:\/\/www.redenoticia.com.br\/noticia\/wp-json\/wp\/v2\/categories?post=95114"},{"taxonomy":"post_tag","embeddable":true,"href":"https:\/\/www.redenoticia.com.br\/noticia\/wp-json\/wp\/v2\/tags?post=95114"}],"curies":[{"name":"wp","href":"https:\/\/api.w.org\/{rel}","templated":true}]}}