{"id":95112,"date":"2016-09-13T06:28:10","date_gmt":"2016-09-13T09:28:10","guid":{"rendered":"http:\/\/www.redenoticia.com.br\/noticia\/?p=95112"},"modified":"2016-09-12T18:29:08","modified_gmt":"2016-09-12T21:29:08","slug":"taxa-media-de-juros-de-operacoes-de-credito-tem-23a-alta-seguida-em-agosto","status":"publish","type":"post","link":"https:\/\/www.redenoticia.com.br\/noticia\/2016\/taxa-media-de-juros-de-operacoes-de-credito-tem-23a-alta-seguida-em-agosto\/95112","title":{"rendered":"Taxa m\u00e9dia de juros de opera\u00e7\u00f5es de cr\u00e9dito tem 23\u00aa alta seguida em agosto"},"content":{"rendered":"<p> As <strong><em>taxas de juros das opera\u00e7\u00f5es de cr\u00e9dito<\/em><\/strong> cresceram em agosto, sendo a oitava alta no ano e a 23\u00aa consecutiva. Das seis linhas de cr\u00e9dito pesquisadas, apenas uma n\u00e3o teve altera\u00e7\u00e3o na taxa de juros em agosto \u2013 CDC\u2013bancos\u2013financiamento de ve\u00edculos. As demais taxas \u2013 juros do com\u00e9rcio, cart\u00e3o de cr\u00e9dito-rotativo, cheque especial, empr\u00e9stimo pessoal de bancos e empr\u00e9stimo pessoal de financeiras \u2013 sofreram aumento, de acordo com a Associa\u00e7\u00e3o Nacional de Executivos de Finan\u00e7as, Administra\u00e7\u00e3o e Contabilidade (Anefac).<\/p>\n<p>A taxa de juros m\u00e9dia geral para pessoa f\u00edsica apresentou eleva\u00e7\u00e3o de 0,04 ponto percentual no m\u00eas (1,13 pontos percentuais no ano) correspondente a eleva\u00e7\u00e3o de 0,49% no m\u00eas (0,73% em doze meses) passando de 8,09% ao m\u00eas (154,35% ao ano) em julho para 8,13% ao m\u00eas (155,48% ao ano) em agosto sendo esta a maior taxa de juros desde agosto de 2003.<\/p>\n<p>De acordo com os economistas da Anefac, o cen\u00e1rio econ\u00f4mico atual aumenta o risco do crescimento nos \u00edndices de inadimpl\u00eancia. \u201cEste cen\u00e1rio se baseia no fato de que os \u00edndices de infla\u00e7\u00e3o mais elevados, aumento de impostos e juros maiores reduziram a renda das fam\u00edlias. Agregado a isto, a recess\u00e3o econ\u00f4mica deve promover crescimento dos \u00edndices de desemprego. Tudo isto somado e o fato de as expectativas para 2016 serem igualmente negativas leva as institui\u00e7\u00f5es financeiras a aumentarem suas taxas de juros para compensar prov\u00e1veis perdas com a eleva\u00e7\u00e3o da inadimpl\u00eancia\u201d.<\/p>\n<p>Para a pessoa jur\u00eddica, as tr\u00eas linhas de cr\u00e9dito pesquisadas tiveram eleva\u00e7\u00e3o. A taxa de juros m\u00e9dia geral para pessoa jur\u00eddica subiu 0,03 ponto percentual no m\u00eas (0,59 ponto percentual em doze meses) correspondente a uma eleva\u00e7\u00e3o de 0,64% no m\u00eas (0,81% em doze meses) passando de 4,72% ao m\u00eas (73,92% ao ano) em julho para 4,75% ao m\u00eas (74,52% ao ano) em agosto. Esta foi a maior taxa de juros desde agosto de 2003.<\/p>\n<p>Segundo os dados, a alta da taxa b\u00e1sica de juros (Selic) foi superior a 7 pontos percentuais (eleva\u00e7\u00e3o de 96,55%), passando de 7,25% ao ano em mar\u00e7o de 2013 para 14,25% ao ano em agosto de 2016.<\/p>\n<p>Neste per\u00edodo a taxa de juros m\u00e9dia para pessoa f\u00edsica aumentou 67,51 pontos percentuais (eleva\u00e7\u00e3o de 76,74%) de 87,97% ao ano em mar\u00e7o de 2013 para 155,48% ao ano em agosto de 2016. Nas opera\u00e7\u00f5es de cr\u00e9dito para pessoa jur\u00eddica houve eleva\u00e7\u00e3o de 30,94 pontos percentuais (eleva\u00e7\u00e3o de 71%) de 43,58% ao ano em mar\u00e7o de 2013 para 74,52% ao ano em agosto de 2016.<\/p>\n<p>Para a Anefac a tend\u00eancia \u00e9 de que as taxas de juros das opera\u00e7\u00f5es de cr\u00e9dito voltem subir nos pr\u00f3ximos meses. \u201cEntretanto, como existe a expectativa de que o Banco Central possa vir a reduzir a taxa b\u00e1sica de juros (Selic) nos pr\u00f3ximos meses, este fato pode igualmente contribuir para a redu\u00e7\u00e3o das taxas de juros das opera\u00e7\u00f5es de cr\u00e9dito\u201d.<\/p>\n<p>Fl\u00e1via Albuquerque \u2013 Rep\u00f3rter da Ag\u00eancia Brasil<br \/>\nEdi\u00e7\u00e3o: Denise Griesinger<br \/>\n13\/09\/2016<\/p>\n","protected":false},"excerpt":{"rendered":"<p>As taxas de juros das opera\u00e7\u00f5es de cr\u00e9dito cresceram em agosto, sendo a oitava alta no ano e a 23\u00aa consecutiva. Das seis linhas de cr\u00e9dito pesquisadas, apenas uma n\u00e3o teve altera\u00e7\u00e3o na taxa de juros em agosto \u2013 CDC\u2013bancos\u2013financiamento de ve\u00edculos. As demais taxas \u2013 juros do com\u00e9rcio, cart\u00e3o de cr\u00e9dito-rotativo, cheque especial, empr\u00e9stimo [&hellip;]<\/p>\n","protected":false},"author":2,"featured_media":38940,"comment_status":"open","ping_status":"closed","sticky":false,"template":"","format":"standard","meta":{"_genesis_hide_title":false,"_genesis_hide_breadcrumbs":false,"_genesis_hide_singular_image":false,"_genesis_hide_footer_widgets":false,"_genesis_custom_body_class":"","_genesis_custom_post_class":"","_genesis_layout":"","_jetpack_memberships_contains_paid_content":false,"footnotes":""},"categories":[22,7],"tags":[],"class_list":{"0":"post-95112","1":"post","2":"type-post","3":"status-publish","4":"format-standard","5":"has-post-thumbnail","7":"category-brasil","8":"category-economia","9":"entry","10":"gs-1","11":"gs-odd","12":"gs-even","13":"gs-featured-content-entry"},"jetpack_featured_media_url":"https:\/\/www.redenoticia.com.br\/noticia\/imagens\/grafico.jpg","jetpack_sharing_enabled":true,"jetpack_likes_enabled":true,"_links":{"self":[{"href":"https:\/\/www.redenoticia.com.br\/noticia\/wp-json\/wp\/v2\/posts\/95112","targetHints":{"allow":["GET"]}}],"collection":[{"href":"https:\/\/www.redenoticia.com.br\/noticia\/wp-json\/wp\/v2\/posts"}],"about":[{"href":"https:\/\/www.redenoticia.com.br\/noticia\/wp-json\/wp\/v2\/types\/post"}],"author":[{"embeddable":true,"href":"https:\/\/www.redenoticia.com.br\/noticia\/wp-json\/wp\/v2\/users\/2"}],"replies":[{"embeddable":true,"href":"https:\/\/www.redenoticia.com.br\/noticia\/wp-json\/wp\/v2\/comments?post=95112"}],"version-history":[{"count":0,"href":"https:\/\/www.redenoticia.com.br\/noticia\/wp-json\/wp\/v2\/posts\/95112\/revisions"}],"wp:featuredmedia":[{"embeddable":true,"href":"https:\/\/www.redenoticia.com.br\/noticia\/wp-json\/wp\/v2\/media\/38940"}],"wp:attachment":[{"href":"https:\/\/www.redenoticia.com.br\/noticia\/wp-json\/wp\/v2\/media?parent=95112"}],"wp:term":[{"taxonomy":"category","embeddable":true,"href":"https:\/\/www.redenoticia.com.br\/noticia\/wp-json\/wp\/v2\/categories?post=95112"},{"taxonomy":"post_tag","embeddable":true,"href":"https:\/\/www.redenoticia.com.br\/noticia\/wp-json\/wp\/v2\/tags?post=95112"}],"curies":[{"name":"wp","href":"https:\/\/api.w.org\/{rel}","templated":true}]}}