{"id":95110,"date":"2016-09-13T06:27:15","date_gmt":"2016-09-13T09:27:15","guid":{"rendered":"http:\/\/www.redenoticia.com.br\/noticia\/?p=95110"},"modified":"2016-09-12T18:28:05","modified_gmt":"2016-09-12T21:28:05","slug":"instituicoes-financeiras-projetam-inflacao-de-736-este-ano","status":"publish","type":"post","link":"https:\/\/www.redenoticia.com.br\/noticia\/2016\/instituicoes-financeiras-projetam-inflacao-de-736-este-ano\/95110","title":{"rendered":"Institui\u00e7\u00f5es financeiras projetam infla\u00e7\u00e3o de 7,36% este ano"},"content":{"rendered":"<p> A proje\u00e7\u00e3o de institui\u00e7\u00f5es financeiras para a <strong><em>infla\u00e7\u00e3o<\/em><\/strong> este ano, medida pelo \u00cdndice Nacional de Pre\u00e7os ao Consumidor Amplo (IPCA), subiu 7,34% para 7,36%. Para 2017, a estimativa foi mantida em 5,12%. As proje\u00e7\u00f5es fazem parte de pesquisa feita todas as semanas pelo Banco Central (BC) com institui\u00e7\u00f5es financeiras.<\/p>\n<p>As estimativas est\u00e3o acima do centro da meta de infla\u00e7\u00e3o, de 4,5%. O limite superior da meta de infla\u00e7\u00e3o \u00e9 6,5% este ano e 6% em 2017. \u00c9 fun\u00e7\u00e3o do Banco Central fazer com que a infla\u00e7\u00e3o fique dentro da meta. Um dos instrumentos usados para influenciar a atividade econ\u00f4mica e, consequentemente, a infla\u00e7\u00e3o, \u00e9 a taxa b\u00e1sica de juros, a Selic, atualmente em 14,25% ao ano.<\/p>\n<p>Quando o Comit\u00ea de Pol\u00edtica Monet\u00e1ria (Copom) do Banco Central aumenta a Selic, o objetivo \u00e9 conter a demanda aquecida, e isso gera reflexos nos pre\u00e7os, porque os juros mais altos encarecem o cr\u00e9dito e estimulam a poupan\u00e7a. Quando o Copom reduz os juros b\u00e1sicos, a tend\u00eancia \u00e9 que o cr\u00e9dito fique mais barato, com incentivo \u00e0 produ\u00e7\u00e3o e ao consumo, mas a medida alivia o controle sobre a infla\u00e7\u00e3o.<\/p>\n<p>O BC tem que encontrar equil\u00edbrio ao tomar decis\u00f5es sobre a taxa b\u00e1sica de juros, de modo a fazer com que a infla\u00e7\u00e3o fique dentro da meta estabelecida pelo Conselho Monet\u00e1rio Nacional.<\/p>\n<p>A expectativa das institui\u00e7\u00f5es financeiras para a Selic permanece em 13,75% ao ano, ao final de 2016, e segue em 11% ao ano, no fim de 2017.<\/p>\n<p>A estimativa de institui\u00e7\u00f5es financeiras para a queda do Produto Interno Bruto (PIB), a soma de todos os bens e servi\u00e7os produzidos no pa\u00eds, foi alterada de 3,20% para 3,18%. Para 2017, a estimativa de crescimento permanece em 1,3%.<\/p>\n<p>A proje\u00e7\u00e3o para a cota\u00e7\u00e3o do d\u00f3lar ao final de 2016 foi ajustada de R$ 3,26 para R$ 3,25. Para 2017, a estimativa segue em R$ 3,45.<\/p>\n<p>Kelly Oliveira \u2013 Rep\u00f3rter da Ag\u00eancia Brasil<br \/>\nEdi\u00e7\u00e3o: Gra\u00e7a Adjuto<br \/>\n13\/09\/2016<\/p>\n","protected":false},"excerpt":{"rendered":"<p>A proje\u00e7\u00e3o de institui\u00e7\u00f5es financeiras para a infla\u00e7\u00e3o este ano, medida pelo \u00cdndice Nacional de Pre\u00e7os ao Consumidor Amplo (IPCA), subiu 7,34% para 7,36%. Para 2017, a estimativa foi mantida em 5,12%. As proje\u00e7\u00f5es fazem parte de pesquisa feita todas as semanas pelo Banco Central (BC) com institui\u00e7\u00f5es financeiras. As estimativas est\u00e3o acima do centro [&hellip;]<\/p>\n","protected":false},"author":2,"featured_media":57584,"comment_status":"open","ping_status":"closed","sticky":false,"template":"","format":"standard","meta":{"_genesis_hide_title":false,"_genesis_hide_breadcrumbs":false,"_genesis_hide_singular_image":false,"_genesis_hide_footer_widgets":false,"_genesis_custom_body_class":"","_genesis_custom_post_class":"","_genesis_layout":"","_jetpack_memberships_contains_paid_content":false,"footnotes":""},"categories":[22,7],"tags":[],"class_list":{"0":"post-95110","1":"post","2":"type-post","3":"status-publish","4":"format-standard","5":"has-post-thumbnail","7":"category-brasil","8":"category-economia","9":"entry","10":"gs-1","11":"gs-odd","12":"gs-even","13":"gs-featured-content-entry"},"jetpack_featured_media_url":"https:\/\/www.redenoticia.com.br\/noticia\/imagens\/economia-grafica-analise-inflacao.jpg","jetpack_sharing_enabled":true,"jetpack_likes_enabled":true,"_links":{"self":[{"href":"https:\/\/www.redenoticia.com.br\/noticia\/wp-json\/wp\/v2\/posts\/95110","targetHints":{"allow":["GET"]}}],"collection":[{"href":"https:\/\/www.redenoticia.com.br\/noticia\/wp-json\/wp\/v2\/posts"}],"about":[{"href":"https:\/\/www.redenoticia.com.br\/noticia\/wp-json\/wp\/v2\/types\/post"}],"author":[{"embeddable":true,"href":"https:\/\/www.redenoticia.com.br\/noticia\/wp-json\/wp\/v2\/users\/2"}],"replies":[{"embeddable":true,"href":"https:\/\/www.redenoticia.com.br\/noticia\/wp-json\/wp\/v2\/comments?post=95110"}],"version-history":[{"count":0,"href":"https:\/\/www.redenoticia.com.br\/noticia\/wp-json\/wp\/v2\/posts\/95110\/revisions"}],"wp:featuredmedia":[{"embeddable":true,"href":"https:\/\/www.redenoticia.com.br\/noticia\/wp-json\/wp\/v2\/media\/57584"}],"wp:attachment":[{"href":"https:\/\/www.redenoticia.com.br\/noticia\/wp-json\/wp\/v2\/media?parent=95110"}],"wp:term":[{"taxonomy":"category","embeddable":true,"href":"https:\/\/www.redenoticia.com.br\/noticia\/wp-json\/wp\/v2\/categories?post=95110"},{"taxonomy":"post_tag","embeddable":true,"href":"https:\/\/www.redenoticia.com.br\/noticia\/wp-json\/wp\/v2\/tags?post=95110"}],"curies":[{"name":"wp","href":"https:\/\/api.w.org\/{rel}","templated":true}]}}