{"id":95028,"date":"2016-09-12T06:09:28","date_gmt":"2016-09-12T09:09:28","guid":{"rendered":"http:\/\/www.redenoticia.com.br\/noticia\/?p=95028"},"modified":"2016-09-11T19:04:31","modified_gmt":"2016-09-11T22:04:31","slug":"cesta-basica-ficou-mais-cara-em-18-capitais-em-agosto","status":"publish","type":"post","link":"https:\/\/www.redenoticia.com.br\/noticia\/2016\/cesta-basica-ficou-mais-cara-em-18-capitais-em-agosto\/95028","title":{"rendered":"Cesta b\u00e1sica ficou mais cara em 18 capitais em agosto"},"content":{"rendered":"<p> O custo dos alimentos que comp\u00f5em a <strong><em>cesta b\u00e1sica<\/em><\/strong> cresceu em 18 das 27 capitais brasileiras no m\u00eas de agosto, mostra pesquisa do Departamento Intersindical de Estat\u00edstica e Estudos Socioecon\u00f4micos (Dieese). As maiores altas foram em Florian\u00f3polis (3,16%), Macei\u00f3 (3,11%), Macap\u00e1 (2,91%) e Curitiba (2,59%). Houve queda de pre\u00e7o em nove capitais, com destaque para Goi\u00e2nia (-3,15%) e Aracaju (-2,26%).<\/p>\n<p>A cesta mais cara foi a de S\u00e3o Paulo (R$ 475,11), seguida pelas de Porto Alegre (R$ 474,34) e Florian\u00f3polis (R$ 457,11). Os menores valores m\u00e9dios foram observados em Natal (R$ 365,46) e Aracaju (R$ 370,70).<\/p>\n<p>No acumulado de janeiro a agosto, houve alta em todas as capitais pesquisadas. Os aumentos mais expressivas ocorreram em Goi\u00e2nia (22,51%), Macei\u00f3 (22,28%) e Boa Vista (21,35%). Os menores aumentos foram registrados em Florian\u00f3polis (7,79%), Manaus (9,17%) e Curitiba (10,05%).<\/p>\n<p>Os alimentos que mais subiram foram manteiga, caf\u00e9 em p\u00f3, arroz, leite integral e a\u00e7\u00facar. Batata, \u00f3leo de soja e feij\u00e3o tiveram o pre\u00e7o reduzido.<\/p>\n<p>Sal\u00e1rio m\u00ednimo<\/p>\n<p>De acordo com o Dieese, o sal\u00e1rio m\u00ednimo ideal para a manuten\u00e7\u00e3o de uma fam\u00edlia de quatro pessoas, no m\u00eas de agosto, deveria ser de R$ 3.991,40, ou 4,54 vezes o m\u00ednimo atual, que \u00e9 R$ 880. Em julho, o m\u00ednimo necess\u00e1rio era de R$ 3.992,75. A estimativa leva em conta a cesta mais cara, de S\u00e3o Paulo.<\/p>\n<p>O tempo m\u00e9dio necess\u00e1rio para adquirir os produtos da cesta b\u00e1sica foi, em agosto, de 104 horas. Em julho, eram necess\u00e1rias 103 horas e 8 minutos.<\/p>\n<p>Fernanda Cruz \u2013 Rep\u00f3rter da Ag\u00eancia Brasil<br \/>\nEdi\u00e7\u00e3o: N\u00e1dia Franco<br \/>\n12\/09\/2016<\/p>\n","protected":false},"excerpt":{"rendered":"<p>O custo dos alimentos que comp\u00f5em a cesta b\u00e1sica cresceu em 18 das 27 capitais brasileiras no m\u00eas de agosto, mostra pesquisa do Departamento Intersindical de Estat\u00edstica e Estudos Socioecon\u00f4micos (Dieese). As maiores altas foram em Florian\u00f3polis (3,16%), Macei\u00f3 (3,11%), Macap\u00e1 (2,91%) e Curitiba (2,59%). Houve queda de pre\u00e7o em nove capitais, com destaque para [&hellip;]<\/p>\n","protected":false},"author":2,"featured_media":57583,"comment_status":"open","ping_status":"closed","sticky":false,"template":"","format":"standard","meta":{"_genesis_hide_title":false,"_genesis_hide_breadcrumbs":false,"_genesis_hide_singular_image":false,"_genesis_hide_footer_widgets":false,"_genesis_custom_body_class":"","_genesis_custom_post_class":"","_genesis_layout":"","_jetpack_memberships_contains_paid_content":false,"footnotes":""},"categories":[22,7],"tags":[],"class_list":{"0":"post-95028","1":"post","2":"type-post","3":"status-publish","4":"format-standard","5":"has-post-thumbnail","7":"category-brasil","8":"category-economia","9":"entry","10":"gs-1","11":"gs-odd","12":"gs-even","13":"gs-featured-content-entry"},"jetpack_featured_media_url":"https:\/\/www.redenoticia.com.br\/noticia\/imagens\/economia-grafico.jpg","jetpack_sharing_enabled":true,"jetpack_likes_enabled":true,"_links":{"self":[{"href":"https:\/\/www.redenoticia.com.br\/noticia\/wp-json\/wp\/v2\/posts\/95028","targetHints":{"allow":["GET"]}}],"collection":[{"href":"https:\/\/www.redenoticia.com.br\/noticia\/wp-json\/wp\/v2\/posts"}],"about":[{"href":"https:\/\/www.redenoticia.com.br\/noticia\/wp-json\/wp\/v2\/types\/post"}],"author":[{"embeddable":true,"href":"https:\/\/www.redenoticia.com.br\/noticia\/wp-json\/wp\/v2\/users\/2"}],"replies":[{"embeddable":true,"href":"https:\/\/www.redenoticia.com.br\/noticia\/wp-json\/wp\/v2\/comments?post=95028"}],"version-history":[{"count":0,"href":"https:\/\/www.redenoticia.com.br\/noticia\/wp-json\/wp\/v2\/posts\/95028\/revisions"}],"wp:featuredmedia":[{"embeddable":true,"href":"https:\/\/www.redenoticia.com.br\/noticia\/wp-json\/wp\/v2\/media\/57583"}],"wp:attachment":[{"href":"https:\/\/www.redenoticia.com.br\/noticia\/wp-json\/wp\/v2\/media?parent=95028"}],"wp:term":[{"taxonomy":"category","embeddable":true,"href":"https:\/\/www.redenoticia.com.br\/noticia\/wp-json\/wp\/v2\/categories?post=95028"},{"taxonomy":"post_tag","embeddable":true,"href":"https:\/\/www.redenoticia.com.br\/noticia\/wp-json\/wp\/v2\/tags?post=95028"}],"curies":[{"name":"wp","href":"https:\/\/api.w.org\/{rel}","templated":true}]}}