{"id":95026,"date":"2016-09-12T06:08:22","date_gmt":"2016-09-12T09:08:22","guid":{"rendered":"http:\/\/www.redenoticia.com.br\/noticia\/?p=95026"},"modified":"2016-09-11T19:03:20","modified_gmt":"2016-09-11T22:03:20","slug":"custo-da-construcao-civil-acumula-alta-de-598-em-12-meses","status":"publish","type":"post","link":"https:\/\/www.redenoticia.com.br\/noticia\/2016\/custo-da-construcao-civil-acumula-alta-de-598-em-12-meses\/95026","title":{"rendered":"Custo da constru\u00e7\u00e3o civil acumula alta de 5,98% em 12 meses"},"content":{"rendered":"<p> O <strong><em>\u00cdndice Nacional da Constru\u00e7\u00e3o Civil<\/em><\/strong> (Sinapi), que mede a infla\u00e7\u00e3o do setor no pa\u00eds, teve aumento de 0,24% no custo do metro quadrado em agosto, acima do 0,2% registrado em julho. O Sinapi, calculado pelo Instituto Brasileiro de Geografia e Estat\u00edstica (IBGE) em parceria com a Caixa, acumula taxa de 5,98% em 12 meses.<\/p>\n<p>O custo nacional da constru\u00e7\u00e3o por metro quadrado subiu de R$ 1.009,76 em julho para R$ 1.012,16 em agosto. No mesmo per\u00edodo, a m\u00e3o de obra teve infla\u00e7\u00e3o de 0,53%, passando de R$ 481,79 para R$ 484,33 por metro quadrado. J\u00e1 os materiais de constru\u00e7\u00e3o tiveram defla\u00e7\u00e3o (queda de pre\u00e7os) de 0,03%, passando de R$ 527,97 para R$ 527,83 por metro quadrado.<\/p>\n<p>Quinze das 27 unidades da federa\u00e7\u00e3o registraram aumento no custo da constru\u00e7\u00e3o em agosto, com destaque para o Mato Grosso (5,06%) e Goi\u00e1s (3,14%). No Acre, o custo manteve-se est\u00e1vel. Onze unidades tiveram queda no custo, com destaque para Minas Gerais (-0,32%).<\/p>\n<p>Vitor Abdala \u2013 Rep\u00f3rter da Ag\u00eancia Brasil<br \/>\nEdi\u00e7\u00e3o: Denise Griesinger<br \/>\n12\/09\/2016<br \/>\n&#8212;<br \/>\nA Empresa Brasil de Comunica\u00e7\u00e3o \u00e9 uma institui\u00e7\u00e3o da democracia brasileira: p\u00fablica, inclusiva e cidad\u00e3.  Criada em 2007 para fortalecer o sistema p\u00fablico de comunica\u00e7\u00e3o, \u00e9 gestora dos canais TV Brasil, TV Brasil Internacional, Ag\u00eancia Brasil, Radioag\u00eancia Nacional e do sistema p\u00fablico de R\u00e1dio \u2013 composto por oito emissoras. Estes, por sua independ\u00eancia editorial, distinguem-se dos canais estatais ou governamentais, com conte\u00fados diferenciados e complementares aos canais privados. Os ve\u00edculos da EBC t\u00eam autonomia para definir produ\u00e7\u00e3o, programa\u00e7\u00e3o e distribui\u00e7\u00e3o de conte\u00fados.<\/p>\n","protected":false},"excerpt":{"rendered":"<p>O \u00cdndice Nacional da Constru\u00e7\u00e3o Civil (Sinapi), que mede a infla\u00e7\u00e3o do setor no pa\u00eds, teve aumento de 0,24% no custo do metro quadrado em agosto, acima do 0,2% registrado em julho. O Sinapi, calculado pelo Instituto Brasileiro de Geografia e Estat\u00edstica (IBGE) em parceria com a Caixa, acumula taxa de 5,98% em 12 meses. [&hellip;]<\/p>\n","protected":false},"author":2,"featured_media":57582,"comment_status":"open","ping_status":"closed","sticky":false,"template":"","format":"standard","meta":{"_genesis_hide_title":false,"_genesis_hide_breadcrumbs":false,"_genesis_hide_singular_image":false,"_genesis_hide_footer_widgets":false,"_genesis_custom_body_class":"","_genesis_custom_post_class":"","_genesis_layout":"","_jetpack_memberships_contains_paid_content":false,"footnotes":""},"categories":[22,7],"tags":[],"class_list":{"0":"post-95026","1":"post","2":"type-post","3":"status-publish","4":"format-standard","5":"has-post-thumbnail","7":"category-brasil","8":"category-economia","9":"entry","10":"gs-1","11":"gs-odd","12":"gs-even","13":"gs-featured-content-entry"},"jetpack_featured_media_url":"https:\/\/www.redenoticia.com.br\/noticia\/imagens\/grafico1.jpg","jetpack_sharing_enabled":true,"jetpack_likes_enabled":true,"_links":{"self":[{"href":"https:\/\/www.redenoticia.com.br\/noticia\/wp-json\/wp\/v2\/posts\/95026","targetHints":{"allow":["GET"]}}],"collection":[{"href":"https:\/\/www.redenoticia.com.br\/noticia\/wp-json\/wp\/v2\/posts"}],"about":[{"href":"https:\/\/www.redenoticia.com.br\/noticia\/wp-json\/wp\/v2\/types\/post"}],"author":[{"embeddable":true,"href":"https:\/\/www.redenoticia.com.br\/noticia\/wp-json\/wp\/v2\/users\/2"}],"replies":[{"embeddable":true,"href":"https:\/\/www.redenoticia.com.br\/noticia\/wp-json\/wp\/v2\/comments?post=95026"}],"version-history":[{"count":0,"href":"https:\/\/www.redenoticia.com.br\/noticia\/wp-json\/wp\/v2\/posts\/95026\/revisions"}],"wp:featuredmedia":[{"embeddable":true,"href":"https:\/\/www.redenoticia.com.br\/noticia\/wp-json\/wp\/v2\/media\/57582"}],"wp:attachment":[{"href":"https:\/\/www.redenoticia.com.br\/noticia\/wp-json\/wp\/v2\/media?parent=95026"}],"wp:term":[{"taxonomy":"category","embeddable":true,"href":"https:\/\/www.redenoticia.com.br\/noticia\/wp-json\/wp\/v2\/categories?post=95026"},{"taxonomy":"post_tag","embeddable":true,"href":"https:\/\/www.redenoticia.com.br\/noticia\/wp-json\/wp\/v2\/tags?post=95026"}],"curies":[{"name":"wp","href":"https:\/\/api.w.org\/{rel}","templated":true}]}}