{"id":95022,"date":"2016-09-12T06:06:16","date_gmt":"2016-09-12T09:06:16","guid":{"rendered":"http:\/\/www.redenoticia.com.br\/noticia\/?p=95022"},"modified":"2016-09-11T19:01:14","modified_gmt":"2016-09-11T22:01:14","slug":"inflacao-oficial-acumula-taxa-de-897-em-12-meses","status":"publish","type":"post","link":"https:\/\/www.redenoticia.com.br\/noticia\/2016\/inflacao-oficial-acumula-taxa-de-897-em-12-meses\/95022","title":{"rendered":"Infla\u00e7\u00e3o oficial acumula taxa de 8,97% em 12 meses"},"content":{"rendered":"<p> O <strong><em>\u00cdndice Nacional de Pre\u00e7os ao Consumidor Amplo<\/em><\/strong> (IPCA), que mede a infla\u00e7\u00e3o oficial, acumulou em agosto alta de pre\u00e7os de 8,97% em 12 meses. A taxa ficou acima do teto da meta de infla\u00e7\u00e3o do governo federal, que \u00e9 de 6,5%. Em julho, o IPCA acumulava alta de 8,74% em 12 meses. Os dados foram divulgados pelo Instituto Brasileiro de Geografia e Estat\u00edstica (IBGE).<\/p>\n<p> Considerando-se apenas o resultado de agosto, o IPCA ficou em 0,44%. As taxas haviam ficado em 0,52% em julho deste ano e em 0,22% em agosto do ano passado.<\/p>\n<p>A infla\u00e7\u00e3o de agosto foi influenciada principalmente pelas taxas de 0,96% das despesas pessoais e de 0,8% de sa\u00fade e cuidados pessoais.<\/p>\n<p>Os alimentos, por outro lado, foram os principais respons\u00e1veis pelo recuo da taxa mensal entre julho e agosto. Isso porque a infla\u00e7\u00e3o do grupo alimenta\u00e7\u00e3o e bebidas recuou de 1,32% em julho para 0,3% em agosto.<\/p>\n<p>Vitor Abdala \u2013 Rep\u00f3rter da Ag\u00eancia Brasil<br \/>\nEdi\u00e7\u00e3o: Denise Griesinger<br \/>\n12\/09\/2016<br \/>\n&#8212;<br \/>\nA Empresa Brasil de Comunica\u00e7\u00e3o \u00e9 uma institui\u00e7\u00e3o da democracia brasileira: p\u00fablica, inclusiva e cidad\u00e3.  Criada em 2007 para fortalecer o sistema p\u00fablico de comunica\u00e7\u00e3o, \u00e9 gestora dos canais TV Brasil, TV Brasil Internacional, Ag\u00eancia Brasil, Radioag\u00eancia Nacional e do sistema p\u00fablico de R\u00e1dio \u2013 composto por oito emissoras. Estes, por sua independ\u00eancia editorial, distinguem-se dos canais estatais ou governamentais, com conte\u00fados diferenciados e complementares aos canais privados. Os ve\u00edculos da EBC t\u00eam autonomia para definir produ\u00e7\u00e3o, programa\u00e7\u00e3o e distribui\u00e7\u00e3o de conte\u00fados.<\/p>\n","protected":false},"excerpt":{"rendered":"<p>O \u00cdndice Nacional de Pre\u00e7os ao Consumidor Amplo (IPCA), que mede a infla\u00e7\u00e3o oficial, acumulou em agosto alta de pre\u00e7os de 8,97% em 12 meses. A taxa ficou acima do teto da meta de infla\u00e7\u00e3o do governo federal, que \u00e9 de 6,5%. Em julho, o IPCA acumulava alta de 8,74% em 12 meses. Os dados [&hellip;]<\/p>\n","protected":false},"author":2,"featured_media":57585,"comment_status":"open","ping_status":"closed","sticky":false,"template":"","format":"standard","meta":{"_genesis_hide_title":false,"_genesis_hide_breadcrumbs":false,"_genesis_hide_singular_image":false,"_genesis_hide_footer_widgets":false,"_genesis_custom_body_class":"","_genesis_custom_post_class":"","_genesis_layout":"","_jetpack_memberships_contains_paid_content":false,"footnotes":""},"categories":[22,7],"tags":[],"class_list":{"0":"post-95022","1":"post","2":"type-post","3":"status-publish","4":"format-standard","5":"has-post-thumbnail","7":"category-brasil","8":"category-economia","9":"entry","10":"gs-1","11":"gs-odd","12":"gs-even","13":"gs-featured-content-entry"},"jetpack_featured_media_url":"https:\/\/www.redenoticia.com.br\/noticia\/imagens\/analise-economia.jpg","jetpack_sharing_enabled":true,"jetpack_likes_enabled":true,"_links":{"self":[{"href":"https:\/\/www.redenoticia.com.br\/noticia\/wp-json\/wp\/v2\/posts\/95022","targetHints":{"allow":["GET"]}}],"collection":[{"href":"https:\/\/www.redenoticia.com.br\/noticia\/wp-json\/wp\/v2\/posts"}],"about":[{"href":"https:\/\/www.redenoticia.com.br\/noticia\/wp-json\/wp\/v2\/types\/post"}],"author":[{"embeddable":true,"href":"https:\/\/www.redenoticia.com.br\/noticia\/wp-json\/wp\/v2\/users\/2"}],"replies":[{"embeddable":true,"href":"https:\/\/www.redenoticia.com.br\/noticia\/wp-json\/wp\/v2\/comments?post=95022"}],"version-history":[{"count":0,"href":"https:\/\/www.redenoticia.com.br\/noticia\/wp-json\/wp\/v2\/posts\/95022\/revisions"}],"wp:featuredmedia":[{"embeddable":true,"href":"https:\/\/www.redenoticia.com.br\/noticia\/wp-json\/wp\/v2\/media\/57585"}],"wp:attachment":[{"href":"https:\/\/www.redenoticia.com.br\/noticia\/wp-json\/wp\/v2\/media?parent=95022"}],"wp:term":[{"taxonomy":"category","embeddable":true,"href":"https:\/\/www.redenoticia.com.br\/noticia\/wp-json\/wp\/v2\/categories?post=95022"},{"taxonomy":"post_tag","embeddable":true,"href":"https:\/\/www.redenoticia.com.br\/noticia\/wp-json\/wp\/v2\/tags?post=95022"}],"curies":[{"name":"wp","href":"https:\/\/api.w.org\/{rel}","templated":true}]}}