{"id":95020,"date":"2016-09-12T06:05:09","date_gmt":"2016-09-12T09:05:09","guid":{"rendered":"http:\/\/www.redenoticia.com.br\/noticia\/?p=95020"},"modified":"2016-09-11T19:00:10","modified_gmt":"2016-09-11T22:00:10","slug":"fazenda-nega-intencao-de-alterar-regras-do-fgts","status":"publish","type":"post","link":"https:\/\/www.redenoticia.com.br\/noticia\/2016\/fazenda-nega-intencao-de-alterar-regras-do-fgts\/95020","title":{"rendered":"Fazenda nega inten\u00e7\u00e3o de alterar regras do FGTS"},"content":{"rendered":"<p> O Minist\u00e9rio da Fazenda negou a inten\u00e7\u00e3o de promover reformas ou altera\u00e7\u00f5es nas regras do <strong><em>Fundo de Garantia do Tempo de Servi\u00e7o<\/em><\/strong> (FGTS). Em nota oficial, a pasta informou que o Tesouro Nacional pretende promover estudos em parceria com \u00f3rg\u00e3os internacionais que ser\u00e3o usados para debates internos entre os t\u00e9cnicos do \u00f3rg\u00e3o, sem o objetivo de propor mudan\u00e7as no fundo.<\/p>\n<p>De acordo com o comunicado, o Tesouro lan\u00e7ou edital de contrata\u00e7\u00e3o do estudo, em conv\u00eanio com o Programa das Na\u00e7\u00f5es Unidas para o Desenvolvimento (Pnud). Esses estudos, explicou a pasta, pretendem analisar perspectivas de longo prazo da economia brasileira.<\/p>\n<p>\u201cAs contrata\u00e7\u00f5es desses estudos s\u00e3o de iniciativa dos mesmos escal\u00f5es t\u00e9cnicos, e n\u00e3o decorrem de determina\u00e7\u00e3o da dire\u00e7\u00e3o do Minist\u00e9rio da Fazenda. N\u00e3o representam, portanto, qualquer compromisso ou inten\u00e7\u00e3o de implementa\u00e7\u00e3o de eventuais conclus\u00f5es ou proposi\u00e7\u00f5es das pesquisas\u201d, destacou a nota.<\/p>\n<p>O Minist\u00e9rio da Fazenda ressaltou ainda que as \u00fanicas medidas em curso pela equipe econ\u00f4mica para reequilibrar as contas p\u00fablicas s\u00e3o a proposta de emenda \u00e0 Constitui\u00e7\u00e3o que cria um teto para os gastos p\u00fablicos e a reforma da Previd\u00eancia, cujo texto ser\u00e1 enviado em breve ao Congresso Nacional. \u201cEssas duas reformas s\u00e3o exemplos das prioridades do Minist\u00e9rio da Fazenda e representam uma agenda importante em favor do equil\u00edbrio das contas p\u00fablicas\u201d, concluiu o comunicado.<\/p>\n<p>Wellton M\u00e1ximo \u2013 Rep\u00f3rter da Ag\u00eancia Brasil<br \/>\nEdi\u00e7\u00e3o: N\u00e1dia Franco<br \/>\n12\/09\/2016<\/p>\n","protected":false},"excerpt":{"rendered":"<p>O Minist\u00e9rio da Fazenda negou a inten\u00e7\u00e3o de promover reformas ou altera\u00e7\u00f5es nas regras do Fundo de Garantia do Tempo de Servi\u00e7o (FGTS). Em nota oficial, a pasta informou que o Tesouro Nacional pretende promover estudos em parceria com \u00f3rg\u00e3os internacionais que ser\u00e3o usados para debates internos entre os t\u00e9cnicos do \u00f3rg\u00e3o, sem o objetivo [&hellip;]<\/p>\n","protected":false},"author":2,"featured_media":38938,"comment_status":"open","ping_status":"closed","sticky":false,"template":"","format":"standard","meta":{"_genesis_hide_title":false,"_genesis_hide_breadcrumbs":false,"_genesis_hide_singular_image":false,"_genesis_hide_footer_widgets":false,"_genesis_custom_body_class":"","_genesis_custom_post_class":"","_genesis_layout":"","_jetpack_memberships_contains_paid_content":false,"footnotes":""},"categories":[22],"tags":[],"class_list":{"0":"post-95020","1":"post","2":"type-post","3":"status-publish","4":"format-standard","5":"has-post-thumbnail","7":"category-brasil","8":"entry","9":"gs-1","10":"gs-odd","11":"gs-even","12":"gs-featured-content-entry"},"jetpack_featured_media_url":"https:\/\/www.redenoticia.com.br\/noticia\/imagens\/economia1.jpg","jetpack_sharing_enabled":true,"jetpack_likes_enabled":true,"_links":{"self":[{"href":"https:\/\/www.redenoticia.com.br\/noticia\/wp-json\/wp\/v2\/posts\/95020","targetHints":{"allow":["GET"]}}],"collection":[{"href":"https:\/\/www.redenoticia.com.br\/noticia\/wp-json\/wp\/v2\/posts"}],"about":[{"href":"https:\/\/www.redenoticia.com.br\/noticia\/wp-json\/wp\/v2\/types\/post"}],"author":[{"embeddable":true,"href":"https:\/\/www.redenoticia.com.br\/noticia\/wp-json\/wp\/v2\/users\/2"}],"replies":[{"embeddable":true,"href":"https:\/\/www.redenoticia.com.br\/noticia\/wp-json\/wp\/v2\/comments?post=95020"}],"version-history":[{"count":0,"href":"https:\/\/www.redenoticia.com.br\/noticia\/wp-json\/wp\/v2\/posts\/95020\/revisions"}],"wp:featuredmedia":[{"embeddable":true,"href":"https:\/\/www.redenoticia.com.br\/noticia\/wp-json\/wp\/v2\/media\/38938"}],"wp:attachment":[{"href":"https:\/\/www.redenoticia.com.br\/noticia\/wp-json\/wp\/v2\/media?parent=95020"}],"wp:term":[{"taxonomy":"category","embeddable":true,"href":"https:\/\/www.redenoticia.com.br\/noticia\/wp-json\/wp\/v2\/categories?post=95020"},{"taxonomy":"post_tag","embeddable":true,"href":"https:\/\/www.redenoticia.com.br\/noticia\/wp-json\/wp\/v2\/tags?post=95020"}],"curies":[{"name":"wp","href":"https:\/\/api.w.org\/{rel}","templated":true}]}}