{"id":95018,"date":"2016-09-12T06:03:59","date_gmt":"2016-09-12T09:03:59","guid":{"rendered":"http:\/\/www.redenoticia.com.br\/noticia\/?p=95018"},"modified":"2016-09-11T18:59:03","modified_gmt":"2016-09-11T21:59:03","slug":"codigo-de-defesa-do-consumidor-faz-26-anos","status":"publish","type":"post","link":"https:\/\/www.redenoticia.com.br\/noticia\/2016\/codigo-de-defesa-do-consumidor-faz-26-anos\/95018","title":{"rendered":"C\u00f3digo de Defesa do Consumidor faz 26 anos"},"content":{"rendered":"<p> Com a chegada da democracia no Brasil, na d\u00e9cada de 80, a sociedade civil passou a clamar por respeito e por leis que protegessem o consumidor de poss\u00edveis abusos de empresas e fabricantes. Para suprimir esses anseios, a Constitui\u00e7\u00e3o de 1988 determinou que fosse criado, em 120 dias, um <em><strong>C\u00f3digo de Defesa do Consumidor<\/strong><\/em>.<\/p>\n<p>O C\u00f3digo foi institu\u00eddo em 1990, redigido pelo ent\u00e3o deputado federal Geraldo Alckmin e se tornou um grande marco na hist\u00f3ria da defesa do consumidor no Brasil. O CDC estabeleceu direitos do cidad\u00e3o e deveres dos fornecedores de produtos e servi\u00e7os no pa\u00eds e previa ainda, padr\u00f5es de conduta, prazos e penalidades em caso de desrespeito \u00e0 lei.<\/p>\n<p>No Brasil, a Funda\u00e7\u00e3o de Prote\u00e7\u00e3o e Defesa do Consumidor (Procon) \u00e9 o ente p\u00fablico pioneiro na defesa do consumidor, considerado sin\u00f4nimo de respeito na prote\u00e7\u00e3o dos direitos do cidad\u00e3o. A miss\u00e3o do \u00f3rg\u00e3o \u00e9 planejar, coordenar e executar a pol\u00edtica estadual de prote\u00e7\u00e3o e defesa do consumidor em S\u00e3o Paulo.<\/p>\n<p>Neste domingo (11), o C\u00f3digo de Defesa do Consumidor completou 26 anos.<\/p>\n<p>Fique por dentro:<br \/>\n&#8211; C\u00f3digo de Defesa do Consumidor tem diretrizes sobre a publicidade enganosa ou abusiva;<br \/>\n&#8211; Voc\u00ea pode adiantar o pagamento total ou parcial de uma d\u00edvida e ter o direito a redu\u00e7\u00e3o proporcional dos juros e outros acr\u00e9scimos;<br \/>\n&#8211; N\u00e3o existe valor m\u00ednimo para compra com cart\u00e3o;<br \/>\n&#8211; N\u00e3o \u00e9 obrigat\u00f3rio a contrata\u00e7\u00e3o de seguro no cart\u00e3o de cr\u00e9dito;<br \/>\n&#8211; Os bancos devem oferecer tal\u00e3o de cheque ou cart\u00e3o na conta de forma gratuita.<\/p>\n<p>Baixe\u00a0\u00a0o C\u00f3digo de Defesa do Consumidor.<\/p>\n<p>Do Portal do Governo do Estado SP<\/p>\n","protected":false},"excerpt":{"rendered":"<p>Com a chegada da democracia no Brasil, na d\u00e9cada de 80, a sociedade civil passou a clamar por respeito e por leis que protegessem o consumidor de poss\u00edveis abusos de empresas e fabricantes. Para suprimir esses anseios, a Constitui\u00e7\u00e3o de 1988 determinou que fosse criado, em 120 dias, um C\u00f3digo de Defesa do Consumidor. O [&hellip;]<\/p>\n","protected":false},"author":2,"featured_media":36248,"comment_status":"open","ping_status":"closed","sticky":false,"template":"","format":"standard","meta":{"_genesis_hide_title":false,"_genesis_hide_breadcrumbs":false,"_genesis_hide_singular_image":false,"_genesis_hide_footer_widgets":false,"_genesis_custom_body_class":"","_genesis_custom_post_class":"","_genesis_layout":"","_jetpack_memberships_contains_paid_content":false,"footnotes":""},"categories":[22],"tags":[],"class_list":{"0":"post-95018","1":"post","2":"type-post","3":"status-publish","4":"format-standard","5":"has-post-thumbnail","7":"category-brasil","8":"entry","9":"gs-1","10":"gs-odd","11":"gs-even","12":"gs-featured-content-entry"},"jetpack_featured_media_url":"https:\/\/www.redenoticia.com.br\/noticia\/imagens\/aluno-c.jpg","jetpack_sharing_enabled":true,"jetpack_likes_enabled":true,"_links":{"self":[{"href":"https:\/\/www.redenoticia.com.br\/noticia\/wp-json\/wp\/v2\/posts\/95018","targetHints":{"allow":["GET"]}}],"collection":[{"href":"https:\/\/www.redenoticia.com.br\/noticia\/wp-json\/wp\/v2\/posts"}],"about":[{"href":"https:\/\/www.redenoticia.com.br\/noticia\/wp-json\/wp\/v2\/types\/post"}],"author":[{"embeddable":true,"href":"https:\/\/www.redenoticia.com.br\/noticia\/wp-json\/wp\/v2\/users\/2"}],"replies":[{"embeddable":true,"href":"https:\/\/www.redenoticia.com.br\/noticia\/wp-json\/wp\/v2\/comments?post=95018"}],"version-history":[{"count":0,"href":"https:\/\/www.redenoticia.com.br\/noticia\/wp-json\/wp\/v2\/posts\/95018\/revisions"}],"wp:featuredmedia":[{"embeddable":true,"href":"https:\/\/www.redenoticia.com.br\/noticia\/wp-json\/wp\/v2\/media\/36248"}],"wp:attachment":[{"href":"https:\/\/www.redenoticia.com.br\/noticia\/wp-json\/wp\/v2\/media?parent=95018"}],"wp:term":[{"taxonomy":"category","embeddable":true,"href":"https:\/\/www.redenoticia.com.br\/noticia\/wp-json\/wp\/v2\/categories?post=95018"},{"taxonomy":"post_tag","embeddable":true,"href":"https:\/\/www.redenoticia.com.br\/noticia\/wp-json\/wp\/v2\/tags?post=95018"}],"curies":[{"name":"wp","href":"https:\/\/api.w.org\/{rel}","templated":true}]}}