{"id":94864,"date":"2016-09-09T06:07:23","date_gmt":"2016-09-09T09:07:23","guid":{"rendered":"http:\/\/www.redenoticia.com.br\/noticia\/?p=94864"},"modified":"2016-09-08T17:08:13","modified_gmt":"2016-09-08T20:08:13","slug":"passagem-de-aviao-fica-mais-cara-e-pressiona-a-inflacao","status":"publish","type":"post","link":"https:\/\/www.redenoticia.com.br\/noticia\/2016\/passagem-de-aviao-fica-mais-cara-e-pressiona-a-inflacao\/94864","title":{"rendered":"Passagem de avi\u00e3o fica mais cara e pressiona a infla\u00e7\u00e3o"},"content":{"rendered":"<p> O \u00cdndice de Pre\u00e7os ao Consumidor Semanal (<strong><em>IPC-S<\/em><\/strong>) apresentou varia\u00e7\u00e3o de 0,34%, na primeira pr\u00e9via de setembro, o que indica acelera\u00e7\u00e3o de 0,02 ponto percentual, em rela\u00e7\u00e3o \u00e0 \u00faltima pesquisa (0,32%). O levantamento \u00e9 feito pelo Instituto Brasileiro de Economia da Funda\u00e7\u00e3o Getulio Vargas (Ibre\/FGV), no Recife, Rio de Janeiro, em Salvador, S\u00e3o Paulo, Belo Horizonte, Bras\u00edlia e Porto Alegre.<\/p>\n<p>Em tr\u00eas dos oito grupos pesquisados houve aumento no ritmo de corre\u00e7\u00e3o e o maior impacto sobre a infla\u00e7\u00e3o foi constatado em educa\u00e7\u00e3o, leitura e recrea\u00e7\u00e3o (de 0,50% para 0,92%). Essa alta foi provocada, principalmente, pelo avan\u00e7o de pre\u00e7o da passagem a\u00e9rea (de -3,39% para 4,20%).<\/p>\n<p>Em alimenta\u00e7\u00e3o, a taxa subiu de 0,69% para 0,76% com destaque para as frutas (de 5,61% para 8,45%) e no grupo habita\u00e7\u00e3o (de 0,10% para 0,11%). Neste \u00faltimo grupo, o motivo foi a conta de luz com um recuo menos expressivo do que na apura\u00e7\u00e3o passada (de -1,14% para -0,63%).<\/p>\n<p>J\u00e1 em transportes, o \u00edndice desacelerou passando de 0,11% para 0,01%, efeito da redu\u00e7\u00e3o observada no pre\u00e7o da gasolina (de -0,64% para -0,98%). Em sa\u00fade e cuidados pessoais, ocorreu alta com taxa inferior \u00e0 registrada no \u00faltimo levantamento (de 0,50% para 0,44%). O mesmo ocorreu em rela\u00e7\u00e3o ao grupo comunica\u00e7\u00e3o (de 0,16% para 0,01%) .<\/p>\n<p>J\u00e1 em vestu\u00e1rio foi verificada queda mais intensa (de -0,12% para -0,17%), movimento tamb\u00e9m constatado em despesas diversas (-0,08% para -0,10%).<\/p>\n<p>Os itens que mais influenciaram o avan\u00e7o do IPC-S foram: mam\u00e3o papaya (37,99%); show musical (8,25%); refei\u00e7\u00f5es em bares e restaurantes (0,64%); plano e seguro de sa\u00fade (1,05%) e tomate (13,87%). Em compensa\u00e7\u00e3o, os itens que ajudaram a diminuir o impacto foram: batata-inglesa (-15,47%); gasolina (-0,98%); tarifa de eletricidade residencial (-0,63%); alface (-11,36) e cebola (-20,71%).<\/p>\n<p>Marli Moreira \u2013 Rep\u00f3rter da Ag\u00eancia Brasil<br \/>\nEdi\u00e7\u00e3o: Denise Griesinger<br \/>\n09\/09\/2016<\/p>\n","protected":false},"excerpt":{"rendered":"<p>O \u00cdndice de Pre\u00e7os ao Consumidor Semanal (IPC-S) apresentou varia\u00e7\u00e3o de 0,34%, na primeira pr\u00e9via de setembro, o que indica acelera\u00e7\u00e3o de 0,02 ponto percentual, em rela\u00e7\u00e3o \u00e0 \u00faltima pesquisa (0,32%). O levantamento \u00e9 feito pelo Instituto Brasileiro de Economia da Funda\u00e7\u00e3o Getulio Vargas (Ibre\/FGV), no Recife, Rio de Janeiro, em Salvador, S\u00e3o Paulo, Belo [&hellip;]<\/p>\n","protected":false},"author":2,"featured_media":57584,"comment_status":"open","ping_status":"closed","sticky":false,"template":"","format":"standard","meta":{"_genesis_hide_title":false,"_genesis_hide_breadcrumbs":false,"_genesis_hide_singular_image":false,"_genesis_hide_footer_widgets":false,"_genesis_custom_body_class":"","_genesis_custom_post_class":"","_genesis_layout":"","_jetpack_memberships_contains_paid_content":false,"footnotes":""},"categories":[22,7],"tags":[],"class_list":{"0":"post-94864","1":"post","2":"type-post","3":"status-publish","4":"format-standard","5":"has-post-thumbnail","7":"category-brasil","8":"category-economia","9":"entry","10":"gs-1","11":"gs-odd","12":"gs-even","13":"gs-featured-content-entry"},"jetpack_featured_media_url":"https:\/\/www.redenoticia.com.br\/noticia\/imagens\/economia-grafica-analise-inflacao.jpg","jetpack_sharing_enabled":true,"jetpack_likes_enabled":true,"_links":{"self":[{"href":"https:\/\/www.redenoticia.com.br\/noticia\/wp-json\/wp\/v2\/posts\/94864","targetHints":{"allow":["GET"]}}],"collection":[{"href":"https:\/\/www.redenoticia.com.br\/noticia\/wp-json\/wp\/v2\/posts"}],"about":[{"href":"https:\/\/www.redenoticia.com.br\/noticia\/wp-json\/wp\/v2\/types\/post"}],"author":[{"embeddable":true,"href":"https:\/\/www.redenoticia.com.br\/noticia\/wp-json\/wp\/v2\/users\/2"}],"replies":[{"embeddable":true,"href":"https:\/\/www.redenoticia.com.br\/noticia\/wp-json\/wp\/v2\/comments?post=94864"}],"version-history":[{"count":0,"href":"https:\/\/www.redenoticia.com.br\/noticia\/wp-json\/wp\/v2\/posts\/94864\/revisions"}],"wp:featuredmedia":[{"embeddable":true,"href":"https:\/\/www.redenoticia.com.br\/noticia\/wp-json\/wp\/v2\/media\/57584"}],"wp:attachment":[{"href":"https:\/\/www.redenoticia.com.br\/noticia\/wp-json\/wp\/v2\/media?parent=94864"}],"wp:term":[{"taxonomy":"category","embeddable":true,"href":"https:\/\/www.redenoticia.com.br\/noticia\/wp-json\/wp\/v2\/categories?post=94864"},{"taxonomy":"post_tag","embeddable":true,"href":"https:\/\/www.redenoticia.com.br\/noticia\/wp-json\/wp\/v2\/tags?post=94864"}],"curies":[{"name":"wp","href":"https:\/\/api.w.org\/{rel}","templated":true}]}}