{"id":94862,"date":"2016-09-09T06:06:14","date_gmt":"2016-09-09T09:06:14","guid":{"rendered":"http:\/\/www.redenoticia.com.br\/noticia\/?p=94862"},"modified":"2016-09-08T17:07:17","modified_gmt":"2016-09-08T20:07:17","slug":"bndes-reduz-indice-minimo-de-nacionalizacao-devido-a-fatores-cambiais","status":"publish","type":"post","link":"https:\/\/www.redenoticia.com.br\/noticia\/2016\/bndes-reduz-indice-minimo-de-nacionalizacao-devido-a-fatores-cambiais\/94862","title":{"rendered":"BNDES reduz \u00edndice m\u00ednimo de nacionaliza\u00e7\u00e3o devido a fatores cambiais"},"content":{"rendered":"<p> O Banco Nacional de Desenvolvimento Econ\u00f4mico e Social (BNDES) anunciou a redu\u00e7\u00e3o de 60% para 50% do <strong><em>\u00edndice m\u00ednimo de nacionaliza\u00e7\u00e3o<\/em><\/strong> em valor exigido para o credenciamento de m\u00e1quinas e equipamentos, sistemas industriais e componentes nas opera\u00e7\u00f5es de cr\u00e9dito do Banco, chamado Credenciamento de Fornecedores Informatizado (CFI). O \u00edndice \u00e9 avaliado em valor e peso. Nesse \u00faltimo, o \u00edndice m\u00ednimo de nacionaliza\u00e7\u00e3o se mant\u00e9m inalterado em 60%.<\/p>\n<p>A medida \u00e9 tempor\u00e1ria e vai vigorar at\u00e9 30 de junho de 2017. Ela atende a demandas feitas ao banco por algumas entidades representativas da ind\u00fastria, como a Associa\u00e7\u00e3o Brasileira da Ind\u00fastria de M\u00e1quinas e Equipamentos (Abimac), informou o chefe do Departamento de Rela\u00e7\u00f5es Institucionais da \u00c1rea de Opera\u00e7\u00f5es Indiretas do BNDES, Carlos Alberto Viana.<\/p>\n<p>Ele disse que pesaram na decis\u00e3o as varia\u00e7\u00f5es na taxa de c\u00e2mbio que poderiam afetar as planilhas de custo para atingimento dos \u00edndices de nacionaliza\u00e7\u00e3o, apresentadas ao BNDES pelas ind\u00fastrias que possuem itens importados nas suas plantas e na constru\u00e7\u00e3o de seus produtos. <\/p>\n<p>\u201c Acreditamos que essa medida \u00e9 simples; em termos de processo, \u00e9 de f\u00e1cil implementa\u00e7\u00e3o; ela \u00e9 simples de compreens\u00e3o por parte dos atores envolvidos (ind\u00fastrias e agentes financeiros); e, obviamente, vem em um contexto de preserva\u00e7\u00e3o de empregos, possibilidade de revis\u00e3o de fornecedores por parte da ind\u00fastria na solu\u00e7\u00e3o de componentes, pe\u00e7as e outros produtos\u201d, completou Viana.<\/p>\n<p>O chefe do Departamento de Credenciamento de M\u00e1quinas e Equipamentos do banco, Sandro Lima, disse que a medida atinge empresas de todos os portes que j\u00e1 est\u00e3o credenciadas ou que possam vir a solicitar credenciamento no BNDES: \u201cEla vai atingir sempre aquelas ind\u00fastrias em que o componente importado nos produtos tem um peso relevante ou que fique ali na borda do necess\u00e1rio para se credenciar junto ao nosso cadastro, que serve de base para o financiamento\u201d.<\/p>\n<p>Segundo Carlos Alberto Viana, a medida \u00e9 transversal em todos os setores industriais e constitui uma solu\u00e7\u00e3o para pequenas, m\u00e9dias e grandes ind\u00fastrias que possuem importa\u00e7\u00f5es na estrutura\u00e7\u00e3o dos seus produtos.<\/p>\n<p>Com a medida tomada pelo BNDES, o foco \u00e9 trazido para a quest\u00e3o do d\u00f3lar, que impactou o pre\u00e7o dos componentes. \u201c\u00c9 uma maneira de a gente ratificar que a estrutura produtiva foi mantida\u201d, disse Lima. Viana esclareceu que n\u00e3o se trata de uma medida de revis\u00e3o de pol\u00edticas do BNDES: \u201cEla \u00e9 direcionada a uma quest\u00e3o objetiva, de um contexto da varia\u00e7\u00e3o do c\u00e2mbio e do impacto disso nas planilhas de custo dos fabricantes\u201d.<\/p>\n<p>A expectativa do banco, ao estender a medida at\u00e9 junho do pr\u00f3ximo ano, \u00e9 que os \u201cfabricantes tenham condi\u00e7\u00f5es de avaliar de que maneira os produtos v\u00e3o ser elaborados, qual a origem do seu fornecimento, inclusive dar tempo de se desenvolver fornecedores locais\u201d, comentou Sandro Lima. Carlos Alberto Viana destacou que o banco precisava dar um horizonte de m\u00e9dio prazo para que, durante esse tempo, os fabricantes pudessem descobrir outras alternativas para se ajustarem \u00e0 quest\u00e3o da medida tempor\u00e1ria, cujo objetivo principal \u00e9 evitar que as ind\u00fastrias fiquem desenquadradas das regras de financiamento por quest\u00f5es de efeitos cambiais.<\/p>\n<p>Alana Gandra &#8211; Rep\u00f3rter da Ag\u00eancia Brasil<br \/>\nEdi\u00e7\u00e3o: Jorge Wamburg<br \/>\n09\/09\/2016<\/p>\n","protected":false},"excerpt":{"rendered":"<p>O Banco Nacional de Desenvolvimento Econ\u00f4mico e Social (BNDES) anunciou a redu\u00e7\u00e3o de 60% para 50% do \u00edndice m\u00ednimo de nacionaliza\u00e7\u00e3o em valor exigido para o credenciamento de m\u00e1quinas e equipamentos, sistemas industriais e componentes nas opera\u00e7\u00f5es de cr\u00e9dito do Banco, chamado Credenciamento de Fornecedores Informatizado (CFI). O \u00edndice \u00e9 avaliado em valor e peso. [&hellip;]<\/p>\n","protected":false},"author":2,"featured_media":38938,"comment_status":"open","ping_status":"closed","sticky":false,"template":"","format":"standard","meta":{"_genesis_hide_title":false,"_genesis_hide_breadcrumbs":false,"_genesis_hide_singular_image":false,"_genesis_hide_footer_widgets":false,"_genesis_custom_body_class":"","_genesis_custom_post_class":"","_genesis_layout":"","_jetpack_memberships_contains_paid_content":false,"footnotes":""},"categories":[22,7],"tags":[],"class_list":{"0":"post-94862","1":"post","2":"type-post","3":"status-publish","4":"format-standard","5":"has-post-thumbnail","7":"category-brasil","8":"category-economia","9":"entry","10":"gs-1","11":"gs-odd","12":"gs-even","13":"gs-featured-content-entry"},"jetpack_featured_media_url":"https:\/\/www.redenoticia.com.br\/noticia\/imagens\/economia1.jpg","jetpack_sharing_enabled":true,"jetpack_likes_enabled":true,"_links":{"self":[{"href":"https:\/\/www.redenoticia.com.br\/noticia\/wp-json\/wp\/v2\/posts\/94862","targetHints":{"allow":["GET"]}}],"collection":[{"href":"https:\/\/www.redenoticia.com.br\/noticia\/wp-json\/wp\/v2\/posts"}],"about":[{"href":"https:\/\/www.redenoticia.com.br\/noticia\/wp-json\/wp\/v2\/types\/post"}],"author":[{"embeddable":true,"href":"https:\/\/www.redenoticia.com.br\/noticia\/wp-json\/wp\/v2\/users\/2"}],"replies":[{"embeddable":true,"href":"https:\/\/www.redenoticia.com.br\/noticia\/wp-json\/wp\/v2\/comments?post=94862"}],"version-history":[{"count":0,"href":"https:\/\/www.redenoticia.com.br\/noticia\/wp-json\/wp\/v2\/posts\/94862\/revisions"}],"wp:featuredmedia":[{"embeddable":true,"href":"https:\/\/www.redenoticia.com.br\/noticia\/wp-json\/wp\/v2\/media\/38938"}],"wp:attachment":[{"href":"https:\/\/www.redenoticia.com.br\/noticia\/wp-json\/wp\/v2\/media?parent=94862"}],"wp:term":[{"taxonomy":"category","embeddable":true,"href":"https:\/\/www.redenoticia.com.br\/noticia\/wp-json\/wp\/v2\/categories?post=94862"},{"taxonomy":"post_tag","embeddable":true,"href":"https:\/\/www.redenoticia.com.br\/noticia\/wp-json\/wp\/v2\/tags?post=94862"}],"curies":[{"name":"wp","href":"https:\/\/api.w.org\/{rel}","templated":true}]}}