{"id":9482,"date":"2009-08-24T10:12:07","date_gmt":"2009-08-24T14:12:07","guid":{"rendered":"http:\/\/www.redenoticia.com.br\/noticia\/?p=9482"},"modified":"2020-06-24T15:35:26","modified_gmt":"2020-06-24T18:35:26","slug":"ministerio-da-cultura-amplia-orcamento-da-funarte-em-r-184-milhoes","status":"publish","type":"post","link":"https:\/\/www.redenoticia.com.br\/noticia\/2009\/ministerio-da-cultura-amplia-orcamento-da-funarte-em-r-184-milhoes\/9482","title":{"rendered":"Minist\u00e9rio da Cultura amplia or\u00e7amento da Funarte em R$ 18,4 milh\u00f5es"},"content":{"rendered":"<p>O ministro da Cultura, Juca Ferreira, anunciou, na \u00faltima quarta-feira, 19 de agosto, uma amplia\u00e7\u00e3o de R$ 18,4 milh\u00f5es nos recursos or\u00e7ament\u00e1rios da Funarte (Funda\u00e7\u00e3o Nacional das Artes). A iniciativa pode at\u00e9 triplicar o or\u00e7amento da institui\u00e7\u00e3o em novas dota\u00e7\u00f5es para editais, a\u00e7\u00f5es de fomento e sele\u00e7\u00e3o de artistas para a Feira M\u00fasica Brasil. Esses investimentos somados a valores inicialmente previstos totalizam R$ 35,1 milh\u00f5es.<\/p>\n<p>Segundo S\u00e9rgio Mamberti, presidente da Funarte, esses recursos demonstram um \u201cnovo momento da Funarte\u201d. \u201cEstamos concretizando o compromisso de constru\u00e7\u00e3o de uma Funarte \u00e0 altura da sua tradi\u00e7\u00e3o e do seu papel estrat\u00e9gico no fomento \u00e0s artes. O ministro Juca Ferreira tem sido um parceiro fundamental na nossa luta para tornar esse sonho poss\u00edvel\u201d, declarou Mamberti.<\/p>\n<p>Com a suplementa\u00e7\u00e3o, a Funarte ter\u00e1 R$ 1,5 milh\u00e3o para retomar seu programa de distribui\u00e7\u00e3o de equipamentos de ilumina\u00e7\u00e3o para teatros brasileiros. O Pr\u00eamio Funarte Carequinha de Est\u00edmulo ao Circo, com inscri\u00e7\u00f5es j\u00e1 encerradas, ter\u00e1 novo aporte de R$ 3 milh\u00f5es que, adicionados aos R$ 2,9 milh\u00f5es j\u00e1 previstos, totalizar\u00e3o R$ 5,9 milh\u00f5es.<\/p>\n<p>Sete bolsas e pr\u00eamios da Funda\u00e7\u00e3o com inscri\u00e7\u00f5es abertas ganhar\u00e3o refor\u00e7o substancial em seu or\u00e7amento. As premia\u00e7\u00f5es, com valores de at\u00e9 R$ 150 mil, trazem oportunidades para artistas, produtores, estudantes e pesquisadores de arte de todo o Brasil. Os editais que receber\u00e3o suplementa\u00e7\u00e3o or\u00e7ament\u00e1ria s\u00e3o:<\/p>\n<p>Pr\u00eamio Intera\u00e7\u00f5es Est\u00e9ticas &#8211; Resid\u00eancias Art\u00edsticas em Pontos de Cultura\u00a0(inscri\u00e7\u00f5es prorrogadas at\u00e9 24 de agosto)<\/p>\n<p>Bolsa Funarte de Produ\u00e7\u00e3o Cr\u00edtica sobre Conte\u00fados Art\u00edsticos em M\u00eddias Digitais\/Internet\u00a0(inscri\u00e7\u00f5es prorrogadas at\u00e9 24 de agosto)<\/p>\n<p>Bolsa Funarte de Cria\u00e7\u00e3o Liter\u00e1ria\u00a0(inscri\u00e7\u00f5es prorrogadas at\u00e9 24 de agosto)<\/p>\n<p>Bolsa de Produ\u00e7\u00e3o Cr\u00edtica sobre as Interfaces dos Conte\u00fados Art\u00edsticos e Culturas Populares\u00a0(inscri\u00e7\u00f5es at\u00e9 14 de setembro)<\/p>\n<p>Pr\u00eamio Funarte de Teatro Myriam Muniz\u00a0(inscri\u00e7\u00f5es at\u00e9 3 de setembro)<\/p>\n<p>Pr\u00eamio Funarte de Dan\u00e7a Klauss Vianna\u00a0(inscri\u00e7\u00f5es at\u00e9 3 de setembro)<\/p>\n","protected":false},"excerpt":{"rendered":"<p>O ministro da Cultura, Juca Ferreira, anunciou, na \u00faltima quarta-feira, 19 de agosto, uma amplia\u00e7\u00e3o de R$ 18,4 milh\u00f5es nos recursos or\u00e7ament\u00e1rios da Funarte (Funda\u00e7\u00e3o Nacional das Artes). A iniciativa pode at\u00e9 triplicar o or\u00e7amento da institui\u00e7\u00e3o em novas dota\u00e7\u00f5es para editais, a\u00e7\u00f5es de fomento e sele\u00e7\u00e3o de artistas para a Feira M\u00fasica Brasil. Esses [&hellip;]<\/p>\n","protected":false},"author":2,"featured_media":0,"comment_status":"open","ping_status":"open","sticky":false,"template":"","format":"standard","meta":{"_genesis_hide_title":false,"_genesis_hide_breadcrumbs":false,"_genesis_hide_singular_image":false,"_genesis_hide_footer_widgets":false,"_genesis_custom_body_class":"","_genesis_custom_post_class":"","_genesis_layout":"","_jetpack_memberships_contains_paid_content":false,"footnotes":""},"categories":[22],"tags":[],"class_list":{"0":"post-9482","1":"post","2":"type-post","3":"status-publish","4":"format-standard","6":"category-brasil","7":"entry","8":"gs-1","9":"gs-odd","10":"gs-even","11":"gs-featured-content-entry"},"jetpack_featured_media_url":"","jetpack_sharing_enabled":true,"jetpack_likes_enabled":true,"_links":{"self":[{"href":"https:\/\/www.redenoticia.com.br\/noticia\/wp-json\/wp\/v2\/posts\/9482","targetHints":{"allow":["GET"]}}],"collection":[{"href":"https:\/\/www.redenoticia.com.br\/noticia\/wp-json\/wp\/v2\/posts"}],"about":[{"href":"https:\/\/www.redenoticia.com.br\/noticia\/wp-json\/wp\/v2\/types\/post"}],"author":[{"embeddable":true,"href":"https:\/\/www.redenoticia.com.br\/noticia\/wp-json\/wp\/v2\/users\/2"}],"replies":[{"embeddable":true,"href":"https:\/\/www.redenoticia.com.br\/noticia\/wp-json\/wp\/v2\/comments?post=9482"}],"version-history":[{"count":0,"href":"https:\/\/www.redenoticia.com.br\/noticia\/wp-json\/wp\/v2\/posts\/9482\/revisions"}],"wp:attachment":[{"href":"https:\/\/www.redenoticia.com.br\/noticia\/wp-json\/wp\/v2\/media?parent=9482"}],"wp:term":[{"taxonomy":"category","embeddable":true,"href":"https:\/\/www.redenoticia.com.br\/noticia\/wp-json\/wp\/v2\/categories?post=9482"},{"taxonomy":"post_tag","embeddable":true,"href":"https:\/\/www.redenoticia.com.br\/noticia\/wp-json\/wp\/v2\/tags?post=9482"}],"curies":[{"name":"wp","href":"https:\/\/api.w.org\/{rel}","templated":true}]}}