{"id":94778,"date":"2016-09-08T06:16:51","date_gmt":"2016-09-08T09:16:51","guid":{"rendered":"http:\/\/www.redenoticia.com.br\/noticia\/?p=94778"},"modified":"2016-09-07T20:17:51","modified_gmt":"2016-09-07T23:17:51","slug":"saques-na-poupanca-superam-depositos-pelo-oitavo-mes-seguido","status":"publish","type":"post","link":"https:\/\/www.redenoticia.com.br\/noticia\/2016\/saques-na-poupanca-superam-depositos-pelo-oitavo-mes-seguido\/94778","title":{"rendered":"Saques na poupan\u00e7a superam dep\u00f3sitos pelo oitavo m\u00eas seguido"},"content":{"rendered":"<p> Os <strong><em>saques na caderneta de poupan\u00e7a<\/em><\/strong> superaram os dep\u00f3sitos pelo oitavo m\u00eas seguido. A retirada l\u00edquida (descontados dep\u00f3sitos) ficou em R$ 4,465 bilh\u00f5es, em agosto, informou o Banco Central (BC). O resultado negativo foi menor do que no mesmo m\u00eas de 2015: R$ 7,501 bilh\u00f5es.<\/p>\n<p>Desde janeiro do ano passado, o \u00fanico m\u00eas em que a poupan\u00e7a teve resultado positivo (mais dep\u00f3sitos do que saques) foi em dezembro de 2015 (R$ 4,789 bilh\u00f5es). Nos oito meses de 2016, a retirada chegou a R$ 48,187 bilh\u00f5es.<\/p>\n<p>Os saques da poupan\u00e7a chegaram a R$ 171,831 bilh\u00f5es em agosto e a R$ 1,317 trilh\u00e3o nos oito meses do ano, superando os dep\u00f3sitos, que ficaram em R$ 167,365 bilh\u00f5es e R$ 1,268 trilh\u00e3o, respectivamente.<\/p>\n<p>O saldo total nas contas ficou em R$ 641,126 bilh\u00f5es, em agosto. Os rendimentos creditados nas cadernetas totalizaram R$ 4,294 bilh\u00f5es, no m\u00eas passado.<\/p>\n<p>Com os juros e a infla\u00e7\u00e3o em alta, outras aplica\u00e7\u00f5es t\u00eam se tornado mais atrativas. A recess\u00e3o econ\u00f4mica tamb\u00e9m contribuiu para a fuga de recursos da poupan\u00e7a. Por causa da crise e do desemprego, os brasileiros t\u00eam menos sobra de dinheiro para aplicar na caderneta e precisam sacar mais recursos para pagar d\u00edvidas.<\/p>\n<p>Kelly Oliveira \u2013 Rep\u00f3rter da Ag\u00eancia Brasil<br \/>\nEdi\u00e7\u00e3o: N\u00e1dia Franco<br \/>\n08\/09\/2016 <\/p>\n","protected":false},"excerpt":{"rendered":"<p>Os saques na caderneta de poupan\u00e7a superaram os dep\u00f3sitos pelo oitavo m\u00eas seguido. A retirada l\u00edquida (descontados dep\u00f3sitos) ficou em R$ 4,465 bilh\u00f5es, em agosto, informou o Banco Central (BC). O resultado negativo foi menor do que no mesmo m\u00eas de 2015: R$ 7,501 bilh\u00f5es. Desde janeiro do ano passado, o \u00fanico m\u00eas em que [&hellip;]<\/p>\n","protected":false},"author":2,"featured_media":57583,"comment_status":"open","ping_status":"closed","sticky":false,"template":"","format":"standard","meta":{"_genesis_hide_title":false,"_genesis_hide_breadcrumbs":false,"_genesis_hide_singular_image":false,"_genesis_hide_footer_widgets":false,"_genesis_custom_body_class":"","_genesis_custom_post_class":"","_genesis_layout":"","_jetpack_memberships_contains_paid_content":false,"footnotes":""},"categories":[22,7],"tags":[],"class_list":{"0":"post-94778","1":"post","2":"type-post","3":"status-publish","4":"format-standard","5":"has-post-thumbnail","7":"category-brasil","8":"category-economia","9":"entry","10":"gs-1","11":"gs-odd","12":"gs-even","13":"gs-featured-content-entry"},"jetpack_featured_media_url":"https:\/\/www.redenoticia.com.br\/noticia\/imagens\/economia-grafico.jpg","jetpack_sharing_enabled":true,"jetpack_likes_enabled":true,"_links":{"self":[{"href":"https:\/\/www.redenoticia.com.br\/noticia\/wp-json\/wp\/v2\/posts\/94778","targetHints":{"allow":["GET"]}}],"collection":[{"href":"https:\/\/www.redenoticia.com.br\/noticia\/wp-json\/wp\/v2\/posts"}],"about":[{"href":"https:\/\/www.redenoticia.com.br\/noticia\/wp-json\/wp\/v2\/types\/post"}],"author":[{"embeddable":true,"href":"https:\/\/www.redenoticia.com.br\/noticia\/wp-json\/wp\/v2\/users\/2"}],"replies":[{"embeddable":true,"href":"https:\/\/www.redenoticia.com.br\/noticia\/wp-json\/wp\/v2\/comments?post=94778"}],"version-history":[{"count":0,"href":"https:\/\/www.redenoticia.com.br\/noticia\/wp-json\/wp\/v2\/posts\/94778\/revisions"}],"wp:featuredmedia":[{"embeddable":true,"href":"https:\/\/www.redenoticia.com.br\/noticia\/wp-json\/wp\/v2\/media\/57583"}],"wp:attachment":[{"href":"https:\/\/www.redenoticia.com.br\/noticia\/wp-json\/wp\/v2\/media?parent=94778"}],"wp:term":[{"taxonomy":"category","embeddable":true,"href":"https:\/\/www.redenoticia.com.br\/noticia\/wp-json\/wp\/v2\/categories?post=94778"},{"taxonomy":"post_tag","embeddable":true,"href":"https:\/\/www.redenoticia.com.br\/noticia\/wp-json\/wp\/v2\/tags?post=94778"}],"curies":[{"name":"wp","href":"https:\/\/api.w.org\/{rel}","templated":true}]}}