{"id":94776,"date":"2016-09-08T06:14:55","date_gmt":"2016-09-08T09:14:55","guid":{"rendered":"http:\/\/www.redenoticia.com.br\/noticia\/?p=94776"},"modified":"2016-09-07T20:16:37","modified_gmt":"2016-09-07T23:16:37","slug":"producao-de-veiculos-cai-64-em-agosto-na-comparacao-com-julho","status":"publish","type":"post","link":"https:\/\/www.redenoticia.com.br\/noticia\/2016\/producao-de-veiculos-cai-64-em-agosto-na-comparacao-com-julho\/94776","title":{"rendered":"Produ\u00e7\u00e3o de ve\u00edculos cai 6,4% em agosto na compara\u00e7\u00e3o com julho"},"content":{"rendered":"<p> As <strong><em>vendas de ve\u00edculos<\/em><\/strong> ao mercado interno aumentaram 1,4%, em agosto, na compara\u00e7\u00e3o com o m\u00eas anterior. Foram comercializados 183,9 mil unidades, indicando perda no ritmo de crescimento em compara\u00e7\u00e3o a julho, quando os neg\u00f3cios tinham aumentado 5,6%. No entanto, o n\u00famero de ve\u00edculos vendidos foi o maior do ano.<\/p>\n<p>No acumulado do ano, houve retra\u00e7\u00e3o de 11,3%. Na compara\u00e7\u00e3o com agosto de 2015, houve queda de 23,1%.<\/p>\n<p>Os dados est\u00e3o sendo divulgados pela Associa\u00e7\u00e3o Nacional dos Fabricantes de Ve\u00edculos Automotores (Anfavea), que representa as montadoras instaladas no pa\u00eds.<\/p>\n<p>O balan\u00e7o tamb\u00e9m indica que o setor faturou menos no m\u00eas passado em rela\u00e7\u00e3o a julho \u00faltimo, alcan\u00e7ando US$ 923,8 milh\u00f5es, o que \u00e9 1,9% inferior ao m\u00eas anterior.<\/p>\n<p>A produ\u00e7\u00e3o tamb\u00e9m caiu 6,4% com 177, 7 mil unidades. No acumulado do ano, a produ\u00e7\u00e3o teve uma retra\u00e7\u00e3o de 18,4% e sobre agosto de 2015, um recuo de 20,1%.<\/p>\n<p>O presidente da Anfavea, Antonio Megale, destacou que, com a defini\u00e7\u00e3o do cen\u00e1rio pol\u00edtico do pa\u00eds, agora \u00e9 \u201chora de avan\u00e7ar\u201d. Ele defendeu as reformas estruturais, destacando que a quest\u00e3o do d\u00e9ficit previdenci\u00e1rio \u00e9 \u201cuma bomba rel\u00f3gio\u201d. Para o executivo, o pa\u00eds tamb\u00e9m tem que evoluir na quest\u00e3o de infraestrutura para ganhar mais competitividade com o mercado externo.<\/p>\n<p>Segundo Megale, o setor da ind\u00fastria automobil\u00edstica tem obtido bons resultados nos acordos comerciais com o exterior, mas \u201ctemos que aproveitar este momento e dar uma virada para competir com o mundo\u201d.<\/p>\n<p>Marli Moreira \u2013 Rep\u00f3rter da Ag\u00eancia Brasil<br \/>\nEdi\u00e7\u00e3o: Maria Claudia<br \/>\n08\/09\/2016<\/p>\n","protected":false},"excerpt":{"rendered":"<p>As vendas de ve\u00edculos ao mercado interno aumentaram 1,4%, em agosto, na compara\u00e7\u00e3o com o m\u00eas anterior. Foram comercializados 183,9 mil unidades, indicando perda no ritmo de crescimento em compara\u00e7\u00e3o a julho, quando os neg\u00f3cios tinham aumentado 5,6%. No entanto, o n\u00famero de ve\u00edculos vendidos foi o maior do ano. No acumulado do ano, houve [&hellip;]<\/p>\n","protected":false},"author":2,"featured_media":57585,"comment_status":"open","ping_status":"closed","sticky":false,"template":"","format":"standard","meta":{"_genesis_hide_title":false,"_genesis_hide_breadcrumbs":false,"_genesis_hide_singular_image":false,"_genesis_hide_footer_widgets":false,"_genesis_custom_body_class":"","_genesis_custom_post_class":"","_genesis_layout":"","_jetpack_memberships_contains_paid_content":false,"footnotes":""},"categories":[22,7],"tags":[],"class_list":{"0":"post-94776","1":"post","2":"type-post","3":"status-publish","4":"format-standard","5":"has-post-thumbnail","7":"category-brasil","8":"category-economia","9":"entry","10":"gs-1","11":"gs-odd","12":"gs-even","13":"gs-featured-content-entry"},"jetpack_featured_media_url":"https:\/\/www.redenoticia.com.br\/noticia\/imagens\/analise-economia.jpg","jetpack_sharing_enabled":true,"jetpack_likes_enabled":true,"_links":{"self":[{"href":"https:\/\/www.redenoticia.com.br\/noticia\/wp-json\/wp\/v2\/posts\/94776","targetHints":{"allow":["GET"]}}],"collection":[{"href":"https:\/\/www.redenoticia.com.br\/noticia\/wp-json\/wp\/v2\/posts"}],"about":[{"href":"https:\/\/www.redenoticia.com.br\/noticia\/wp-json\/wp\/v2\/types\/post"}],"author":[{"embeddable":true,"href":"https:\/\/www.redenoticia.com.br\/noticia\/wp-json\/wp\/v2\/users\/2"}],"replies":[{"embeddable":true,"href":"https:\/\/www.redenoticia.com.br\/noticia\/wp-json\/wp\/v2\/comments?post=94776"}],"version-history":[{"count":0,"href":"https:\/\/www.redenoticia.com.br\/noticia\/wp-json\/wp\/v2\/posts\/94776\/revisions"}],"wp:featuredmedia":[{"embeddable":true,"href":"https:\/\/www.redenoticia.com.br\/noticia\/wp-json\/wp\/v2\/media\/57585"}],"wp:attachment":[{"href":"https:\/\/www.redenoticia.com.br\/noticia\/wp-json\/wp\/v2\/media?parent=94776"}],"wp:term":[{"taxonomy":"category","embeddable":true,"href":"https:\/\/www.redenoticia.com.br\/noticia\/wp-json\/wp\/v2\/categories?post=94776"},{"taxonomy":"post_tag","embeddable":true,"href":"https:\/\/www.redenoticia.com.br\/noticia\/wp-json\/wp\/v2\/tags?post=94776"}],"curies":[{"name":"wp","href":"https:\/\/api.w.org\/{rel}","templated":true}]}}