{"id":94772,"date":"2016-09-08T06:10:51","date_gmt":"2016-09-08T09:10:51","guid":{"rendered":"http:\/\/www.redenoticia.com.br\/noticia\/?p=94772"},"modified":"2016-09-07T20:13:12","modified_gmt":"2016-09-07T23:13:12","slug":"ibge-previsoes-para-safra-2016-tem-queda-de-111","status":"publish","type":"post","link":"https:\/\/www.redenoticia.com.br\/noticia\/2016\/ibge-previsoes-para-safra-2016-tem-queda-de-111\/94772","title":{"rendered":"IBGE: previs\u00f5es para safra 2016 t\u00eam queda de 11,1%"},"content":{"rendered":"<p> As estimativas para a produ\u00e7\u00e3o de gr\u00e3os relativas \u00e0 <strong><em>safra agr\u00edcola<\/em><\/strong> de 2016 v\u00eam caindo m\u00eas ap\u00f3s m\u00eas e chegam a agosto com uma perspectiva de produ\u00e7\u00e3o total de cereais, leguminosas e oleaginosas de 186,1 milh\u00f5es de toneladas, resultado 11,1% menor do que a safra recorde do ano passado, de 209,4 milh\u00f5es de toneladas.<\/p>\n<p>Os dados fazem parte do Levantamento Sistem\u00e1tico da Produ\u00e7\u00e3o Agr\u00edcola (LSPA) de agosto, divulgado pelo Instituto Brasileiro de Geografia e Estat\u00edstica (IBGE). Tamb\u00e9m a estimativa da \u00e1rea a ser colhida, de 57,4 milh\u00f5es de hectares, representa uma redu\u00e7\u00e3o de 0,4% diante da \u00e1rea colhida em 2015, que foi de 57,6 milh\u00f5es de hectares.<\/p>\n<p>Segundo o IBGE, em compara\u00e7\u00e3o com a estimativa de julho, a safra de cereais, leguminosas e oleaginosas (a oitava estimativa deste ano para a produ\u00e7\u00e3o de algod\u00e3o herb\u00e1ceo, amendoim, arroz, feij\u00e3o, mamona, milho, soja, aveia, centeio, cevada, girassol, sorgo, trigo e triticale), tamb\u00e9m mostrou queda, neste caso de 1,5%, o mesmo acontecendo com a \u00e1rea a ser plantada, que recuou em 226,8 mil hectares.<\/p>\n<p>O arroz, o milho e a soja, somados, continuaram como os produtos de maior destaque totalizando 92,6% da estimativa da produ\u00e7\u00e3o e respondendo por 87,8% da \u00e1rea a ser colhida. Em rela\u00e7\u00e3o ao ano anterior, no entanto, houve acr\u00e9scimo de 3% na \u00e1rea colhida da soja e redu\u00e7\u00f5es na \u00e1rea do milho (-1,3%) e arroz (-9,8%). No que se refere \u00e0 produ\u00e7\u00e3o, a estimativa aponta quedas de 0,8% para a soja, 14,9% para o arroz e de 23,4% para o milho.<\/p>\n<p>Regi\u00f5es produtoras<\/p>\n<p>N\u00e3o houve altera\u00e7\u00f5es significativas do ponto de vista da produ\u00e7\u00e3o envolvendo as grandes regi\u00f5es do pa\u00eds do ponto de vista da produ\u00e7\u00e3o de cereais, leguminosas e oleaginosas. A regi\u00e3o Centro-Oeste dever\u00e1 produzir 76,5 milh\u00f5es de toneladas, o equivalente a 41,1% do total, se mantendo como a maior \u00e1rea produtora do pa\u00eds; a regi\u00e3o Sul, 73,3 milh\u00f5es de toneladas (39,4%); Sudeste, 19,7 milh\u00f5es de toneladas (10,6%); Nordeste, 10,3 milh\u00f5es de toneladas ( 5,5%) e a Norte com 6,3 milh\u00f5es de toneladas.<\/p>\n<p>Os dados do IBGE indicam que, na compara\u00e7\u00e3o com a safra do ano passado, houve incremento de produ\u00e7\u00e3o de 2,3% na regi\u00e3o Sudeste, a \u00fanica a apresentar crescimento na estimativa.<\/p>\n<p>Em contrapartida, as previs\u00f5es para as demais regi\u00f5es s\u00e3o de retra\u00e7\u00e3o na produ\u00e7\u00e3o entre 2015\/2016: de -17,9% na regi\u00e3o Norte; de -38,1% no Nordeste; de -14,9% no Centro-Oeste e de -3,5% no Sul.<\/p>\n<p>J\u00e1 na avalia\u00e7\u00e3o por estado, Mato Grosso liderou como o maior produtor nacional de gr\u00e3os, com uma participa\u00e7\u00e3o de 24,5%, seguido pelo Paran\u00e1 (19,2%) e Rio Grande do Sul (16,9%), que, somados, representaram 60,6% do total nacional previsto para a safra 2016.<\/p>\n<p>Safra 2015\/2016<\/p>\n<p>Nas estimativas feitas pelo IBGE em agosto para a safra deste ano, comparativamente \u00e0 produ\u00e7\u00e3o do ano passado, dez dos 26 principais produtos apresentaram varia\u00e7\u00e3o percentual positiva na estimativa de produ\u00e7\u00e3o em rela\u00e7\u00e3o ao ano anterior com destaque para amendoim em casca 1\u00aa safra (28,2%), aveia em gr\u00e3o (46,5%), caf\u00e9 em gr\u00e3o-ar\u00e1bica (19,7%), cevada em gr\u00e3o (54,1%) e trigo em gr\u00e3o (15%).<\/p>\n<p>J\u00e1 entre os 16 produtos com varia\u00e7\u00f5es negativas destacam-se algod\u00e3o herb\u00e1ceo em caro\u00e7o (-18,5%), arroz em casca (-14,9%), feij\u00e3o em gr\u00e3o 1\u00aa safra (-15,8%), feij\u00e3o em gr\u00e3o 2\u00aa safra (-14,9%), milho em gr\u00e3o 1\u00aa safra (-16,1%), milho em gr\u00e3o 2\u00aa safra (-27,3%), soja em gr\u00e3o (-0,8%) e sorgo em gr\u00e3o (-43,4%).<\/p>\n<p>Nielmar de Oliveira &#8211; Rep\u00f3rter da Ag\u00eancia Brasil<br \/>\nEdi\u00e7\u00e3o: Kleber Sampaio<br \/>\n08\/09\/2016<\/p>\n","protected":false},"excerpt":{"rendered":"<p>As estimativas para a produ\u00e7\u00e3o de gr\u00e3os relativas \u00e0 safra agr\u00edcola de 2016 v\u00eam caindo m\u00eas ap\u00f3s m\u00eas e chegam a agosto com uma perspectiva de produ\u00e7\u00e3o total de cereais, leguminosas e oleaginosas de 186,1 milh\u00f5es de toneladas, resultado 11,1% menor do que a safra recorde do ano passado, de 209,4 milh\u00f5es de toneladas. Os [&hellip;]<\/p>\n","protected":false},"author":2,"featured_media":38938,"comment_status":"open","ping_status":"closed","sticky":false,"template":"","format":"standard","meta":{"_genesis_hide_title":false,"_genesis_hide_breadcrumbs":false,"_genesis_hide_singular_image":false,"_genesis_hide_footer_widgets":false,"_genesis_custom_body_class":"","_genesis_custom_post_class":"","_genesis_layout":"","_jetpack_memberships_contains_paid_content":false,"footnotes":""},"categories":[22,7],"tags":[],"class_list":{"0":"post-94772","1":"post","2":"type-post","3":"status-publish","4":"format-standard","5":"has-post-thumbnail","7":"category-brasil","8":"category-economia","9":"entry","10":"gs-1","11":"gs-odd","12":"gs-even","13":"gs-featured-content-entry"},"jetpack_featured_media_url":"https:\/\/www.redenoticia.com.br\/noticia\/imagens\/economia1.jpg","jetpack_sharing_enabled":true,"jetpack_likes_enabled":true,"_links":{"self":[{"href":"https:\/\/www.redenoticia.com.br\/noticia\/wp-json\/wp\/v2\/posts\/94772","targetHints":{"allow":["GET"]}}],"collection":[{"href":"https:\/\/www.redenoticia.com.br\/noticia\/wp-json\/wp\/v2\/posts"}],"about":[{"href":"https:\/\/www.redenoticia.com.br\/noticia\/wp-json\/wp\/v2\/types\/post"}],"author":[{"embeddable":true,"href":"https:\/\/www.redenoticia.com.br\/noticia\/wp-json\/wp\/v2\/users\/2"}],"replies":[{"embeddable":true,"href":"https:\/\/www.redenoticia.com.br\/noticia\/wp-json\/wp\/v2\/comments?post=94772"}],"version-history":[{"count":0,"href":"https:\/\/www.redenoticia.com.br\/noticia\/wp-json\/wp\/v2\/posts\/94772\/revisions"}],"wp:featuredmedia":[{"embeddable":true,"href":"https:\/\/www.redenoticia.com.br\/noticia\/wp-json\/wp\/v2\/media\/38938"}],"wp:attachment":[{"href":"https:\/\/www.redenoticia.com.br\/noticia\/wp-json\/wp\/v2\/media?parent=94772"}],"wp:term":[{"taxonomy":"category","embeddable":true,"href":"https:\/\/www.redenoticia.com.br\/noticia\/wp-json\/wp\/v2\/categories?post=94772"},{"taxonomy":"post_tag","embeddable":true,"href":"https:\/\/www.redenoticia.com.br\/noticia\/wp-json\/wp\/v2\/tags?post=94772"}],"curies":[{"name":"wp","href":"https:\/\/api.w.org\/{rel}","templated":true}]}}