{"id":94770,"date":"2016-09-08T06:06:40","date_gmt":"2016-09-08T09:06:40","guid":{"rendered":"http:\/\/www.redenoticia.com.br\/noticia\/?p=94770"},"modified":"2016-09-07T20:10:43","modified_gmt":"2016-09-07T23:10:43","slug":"viagem-literaria-estimula-leitura-em-mais-85-cidades","status":"publish","type":"post","link":"https:\/\/www.redenoticia.com.br\/noticia\/2016\/viagem-literaria-estimula-leitura-em-mais-85-cidades\/94770","title":{"rendered":"Viagem Liter\u00e1ria estimula leitura em mais 85 cidades"},"content":{"rendered":"<p> O <strong><em>Viagem Liter\u00e1ria<\/em><\/strong>, programa da Secretaria da Cultura, vai come\u00e7ar no dia 12 de setembro sua caminhada pelo interior e litoral paulistas. Neste ano, 15 atra\u00e7\u00f5es, entre grupos e contadores, passar\u00e3o por 85 cidades e realizar\u00e3o 170 conta\u00e7\u00f5es de hist\u00f3rias.\u00a0<\/p>\n<p>Lan\u00e7ado em 2008, o Viagem Liter\u00e1ria visa o incentivo \u00e0 leitura e encontra ampla receptividade entre o p\u00fablico, autores e dirigentes da \u00e1rea cultural. Programa \u00e9 gerido pela SP Leituras e integra o conjunto de a\u00e7\u00f5es do Sistema Estadual de Bibliotecas P\u00fablicas de S\u00e3o Paulo (SisEB).<\/p>\n<p>Entre os convidados selecionados est\u00e3o: os grupos Pirlimpimpim, Girasonhos, N\u00facleo de Conto Amor-Perfeito, Agrupamento Teatral e as Companhias Bisclof, Arte Negus e Malas Portam. Tamb\u00e9m fazem parte da programa\u00e7\u00e3o os contadores Ana Luisa Lacombe, Roberto Rocha Pombo, Tininha Calazans, Kiara Terra, L\u00eddia Engelberg, Jo\u00e3o Acaiabe, Ana Antunes e Tulio Crepaldi e Lilian Marchetti.<\/p>\n<p>Dirigidos a leitores infantojuvenis e adultos, os encontros deste ano acontecer\u00e3o em dois hor\u00e1rios por dia, sempre nas bibliotecas p\u00fablicas. Cada grupo circular\u00e1 por cinco cidades, proporcionando uma maior intera\u00e7\u00e3o entre o p\u00fablico e a literatura de uma forma l\u00fadica e divertida.<\/p>\n<p>Desde 2012, foram realizados 970 eventos, que contaram com a participa\u00e7\u00e3o de mais de 108 mil pessoas. Este ano, 28 cidades v\u00e3o participar do programa pela primeira vez.<\/p>\n<p>Bibliotecas e Leitura<\/p>\n<p>O Viagem Liter\u00e1ria \u00e9 um dos programas da Secretaria da Cultura do Estado de S\u00e3o Paulo dedicados \u00e0 valoriza\u00e7\u00e3o das bibliotecas p\u00fablicas e ao est\u00edmulo \u00e0 leitura. A Secretaria mant\u00e9m, por meio da coordena\u00e7\u00e3o do Sistema de Bibliotecas P\u00fablicas e Comunit\u00e1rias (SisEB), a\u00e7\u00f5es cont\u00ednuas de atualiza\u00e7\u00e3o profissional e renova\u00e7\u00e3o de acervos, a exemplo de cursos de capacita\u00e7\u00e3o, peri\u00f3dicos e do Semin\u00e1rio Internacional de Bibliotecas.<\/p>\n<p>Do Portal do Governo do Estado SP<\/p>\n","protected":false},"excerpt":{"rendered":"<p>O Viagem Liter\u00e1ria, programa da Secretaria da Cultura, vai come\u00e7ar no dia 12 de setembro sua caminhada pelo interior e litoral paulistas. Neste ano, 15 atra\u00e7\u00f5es, entre grupos e contadores, passar\u00e3o por 85 cidades e realizar\u00e3o 170 conta\u00e7\u00f5es de hist\u00f3rias.\u00a0 Lan\u00e7ado em 2008, o Viagem Liter\u00e1ria visa o incentivo \u00e0 leitura e encontra ampla receptividade [&hellip;]<\/p>\n","protected":false},"author":2,"featured_media":34821,"comment_status":"open","ping_status":"closed","sticky":false,"template":"","format":"standard","meta":{"_genesis_hide_title":false,"_genesis_hide_breadcrumbs":false,"_genesis_hide_singular_image":false,"_genesis_hide_footer_widgets":false,"_genesis_custom_body_class":"","_genesis_custom_post_class":"","_genesis_layout":"","_jetpack_memberships_contains_paid_content":false,"footnotes":""},"categories":[22],"tags":[],"class_list":{"0":"post-94770","1":"post","2":"type-post","3":"status-publish","4":"format-standard","5":"has-post-thumbnail","7":"category-brasil","8":"entry","9":"gs-1","10":"gs-odd","11":"gs-even","12":"gs-featured-content-entry"},"jetpack_featured_media_url":"https:\/\/www.redenoticia.com.br\/noticia\/imagens\/livro1.jpg","jetpack_sharing_enabled":true,"jetpack_likes_enabled":true,"_links":{"self":[{"href":"https:\/\/www.redenoticia.com.br\/noticia\/wp-json\/wp\/v2\/posts\/94770","targetHints":{"allow":["GET"]}}],"collection":[{"href":"https:\/\/www.redenoticia.com.br\/noticia\/wp-json\/wp\/v2\/posts"}],"about":[{"href":"https:\/\/www.redenoticia.com.br\/noticia\/wp-json\/wp\/v2\/types\/post"}],"author":[{"embeddable":true,"href":"https:\/\/www.redenoticia.com.br\/noticia\/wp-json\/wp\/v2\/users\/2"}],"replies":[{"embeddable":true,"href":"https:\/\/www.redenoticia.com.br\/noticia\/wp-json\/wp\/v2\/comments?post=94770"}],"version-history":[{"count":0,"href":"https:\/\/www.redenoticia.com.br\/noticia\/wp-json\/wp\/v2\/posts\/94770\/revisions"}],"wp:featuredmedia":[{"embeddable":true,"href":"https:\/\/www.redenoticia.com.br\/noticia\/wp-json\/wp\/v2\/media\/34821"}],"wp:attachment":[{"href":"https:\/\/www.redenoticia.com.br\/noticia\/wp-json\/wp\/v2\/media?parent=94770"}],"wp:term":[{"taxonomy":"category","embeddable":true,"href":"https:\/\/www.redenoticia.com.br\/noticia\/wp-json\/wp\/v2\/categories?post=94770"},{"taxonomy":"post_tag","embeddable":true,"href":"https:\/\/www.redenoticia.com.br\/noticia\/wp-json\/wp\/v2\/tags?post=94770"}],"curies":[{"name":"wp","href":"https:\/\/api.w.org\/{rel}","templated":true}]}}