{"id":94619,"date":"2016-09-06T06:25:34","date_gmt":"2016-09-06T09:25:34","guid":{"rendered":"http:\/\/www.redenoticia.com.br\/noticia\/?p=94619"},"modified":"2016-09-06T00:26:56","modified_gmt":"2016-09-06T03:26:56","slug":"abono-salarial-do-pispasep-de-setembro-comeca-a-ser-pago-dia-15","status":"publish","type":"post","link":"https:\/\/www.redenoticia.com.br\/noticia\/2016\/abono-salarial-do-pispasep-de-setembro-comeca-a-ser-pago-dia-15\/94619","title":{"rendered":"Abono salarial do PIS\/Pasep de setembro come\u00e7a a ser pago dia 15"},"content":{"rendered":"<p> O <strong><em>abono salarial do PIS\/Pasep<\/em><\/strong> do calend\u00e1rio 2016\/2017, para os nascidos no m\u00eas de setembro, come\u00e7a a ser pago a partir de 15 de setembro. Os saques poder\u00e3o ser feitos nas ag\u00eancias da Caixa, do Banco do Brasil, de casas lot\u00e9ricas ou, se estiverem com o cadastro em dia, os trabalhadores poder\u00e3o receber em conta-corrente a partir de 16 de setembro, informou o Minist\u00e9rio do Trabalho. O PIS \u00e9 o Programa de Integra\u00e7\u00e3o Social e o Pasep \u00e9 o Programa de Forma\u00e7\u00e3o do Patrim\u00f4nio do Servidor P\u00fablico.<\/p>\n<p>No total, R$ 14,8 bilh\u00f5es est\u00e3o dispon\u00edveis dentro do novo calend\u00e1rio, ano-base 2015 e, segundo o ministro do Trabalho, Ronaldo Nogueira, o governo manter\u00e1 o esfor\u00e7o para que todos os trabalhadores efetuem o saque, preferencialmente dentro do respectivo m\u00eas de pagamento. De acordo com o ministro, o abono \u00e9 um direito do trabalhador e 22,3 milh\u00f5es de pessoas dever\u00e3o receber dentro do novo calend\u00e1rio. Neste ano, recebem o benef\u00edcio os nascidos entre julho e dezembro. J\u00e1 os trabalhadores nascidos entre janeiro e junho, receber\u00e3o no primeiro trimestre de 2017. Em qualquer situa\u00e7\u00e3o, o recurso ficar\u00e1 \u00e0 disposi\u00e7\u00e3o do trabalhador at\u00e9 30 de junho de 2017, prazo final para o recebimento.<\/p>\n<p>O c\u00e1lculo do valor do abono salarial segue as novas regras definidas por lei. O pagamento ser\u00e1 proporcional aos meses trabalhados durante o ano-base. Ou seja, quem trabalhou durante apenas um m\u00eas, receber\u00e1 o equivalente a 1\/12 do sal\u00e1rio-m\u00ednimo, e assim sucessivamente. A fra\u00e7\u00e3o igual ou superior a 15 dias de trabalho ser\u00e1 contada como m\u00eas integral, destaca o Minist\u00e9rio do Trabalho.<\/p>\n<p>Tem direito ao abono salarial quem recebeu, em m\u00e9dia, at\u00e9 dois sal\u00e1rios-m\u00ednimos mensais, com carteira assinada e exerceu atividade remunerada durante, pelo menos, 30 dias em 2015, e que tenham sido informados corretamente na Rela\u00e7\u00e3o Anual de Informa\u00e7\u00e3o Social (Rais). Do exerc\u00edcio 2015\/2016, ano-base 2014, 990 mil trabalhadores ainda t\u00eam direito a saque. O prazo foi prorrogado at\u00e9 prazo at\u00e9 30 de dezembro de 2016.<\/p>\n<p>Daniel Lima &#8211; Rep\u00f3rter da Ag\u00eancia Brasil<br \/>\nEdi\u00e7\u00e3o: F\u00e1bio Massalli<br \/>\n06\/09\/2016<\/p>\n","protected":false},"excerpt":{"rendered":"<p>O abono salarial do PIS\/Pasep do calend\u00e1rio 2016\/2017, para os nascidos no m\u00eas de setembro, come\u00e7a a ser pago a partir de 15 de setembro. Os saques poder\u00e3o ser feitos nas ag\u00eancias da Caixa, do Banco do Brasil, de casas lot\u00e9ricas ou, se estiverem com o cadastro em dia, os trabalhadores poder\u00e3o receber em conta-corrente [&hellip;]<\/p>\n","protected":false},"author":2,"featured_media":40734,"comment_status":"open","ping_status":"closed","sticky":false,"template":"","format":"standard","meta":{"_genesis_hide_title":false,"_genesis_hide_breadcrumbs":false,"_genesis_hide_singular_image":false,"_genesis_hide_footer_widgets":false,"_genesis_custom_body_class":"","_genesis_custom_post_class":"","_genesis_layout":"","_jetpack_memberships_contains_paid_content":false,"footnotes":""},"categories":[22,7],"tags":[],"class_list":{"0":"post-94619","1":"post","2":"type-post","3":"status-publish","4":"format-standard","5":"has-post-thumbnail","7":"category-brasil","8":"category-economia","9":"entry","10":"gs-1","11":"gs-odd","12":"gs-even","13":"gs-featured-content-entry"},"jetpack_featured_media_url":"https:\/\/www.redenoticia.com.br\/noticia\/imagens\/economia-resultados.jpg","jetpack_sharing_enabled":true,"jetpack_likes_enabled":true,"_links":{"self":[{"href":"https:\/\/www.redenoticia.com.br\/noticia\/wp-json\/wp\/v2\/posts\/94619","targetHints":{"allow":["GET"]}}],"collection":[{"href":"https:\/\/www.redenoticia.com.br\/noticia\/wp-json\/wp\/v2\/posts"}],"about":[{"href":"https:\/\/www.redenoticia.com.br\/noticia\/wp-json\/wp\/v2\/types\/post"}],"author":[{"embeddable":true,"href":"https:\/\/www.redenoticia.com.br\/noticia\/wp-json\/wp\/v2\/users\/2"}],"replies":[{"embeddable":true,"href":"https:\/\/www.redenoticia.com.br\/noticia\/wp-json\/wp\/v2\/comments?post=94619"}],"version-history":[{"count":0,"href":"https:\/\/www.redenoticia.com.br\/noticia\/wp-json\/wp\/v2\/posts\/94619\/revisions"}],"wp:featuredmedia":[{"embeddable":true,"href":"https:\/\/www.redenoticia.com.br\/noticia\/wp-json\/wp\/v2\/media\/40734"}],"wp:attachment":[{"href":"https:\/\/www.redenoticia.com.br\/noticia\/wp-json\/wp\/v2\/media?parent=94619"}],"wp:term":[{"taxonomy":"category","embeddable":true,"href":"https:\/\/www.redenoticia.com.br\/noticia\/wp-json\/wp\/v2\/categories?post=94619"},{"taxonomy":"post_tag","embeddable":true,"href":"https:\/\/www.redenoticia.com.br\/noticia\/wp-json\/wp\/v2\/tags?post=94619"}],"curies":[{"name":"wp","href":"https:\/\/api.w.org\/{rel}","templated":true}]}}