{"id":94617,"date":"2016-09-06T06:23:38","date_gmt":"2016-09-06T09:23:38","guid":{"rendered":"http:\/\/www.redenoticia.com.br\/noticia\/?p=94617"},"modified":"2016-09-06T00:25:27","modified_gmt":"2016-09-06T03:25:27","slug":"bancos-vao-criar-bureau-de-credito","status":"publish","type":"post","link":"https:\/\/www.redenoticia.com.br\/noticia\/2016\/bancos-vao-criar-bureau-de-credito\/94617","title":{"rendered":"Bancos v\u00e3o criar bureau de cr\u00e9dito"},"content":{"rendered":"<p> A Superintend\u00eancia-Geral do Conselho Administrativo de Defesa Econ\u00f4mica (Cade) recomendou ao tribunal do \u00f3rg\u00e3o a aprova\u00e7\u00e3o, condicionada \u00e0 celebra\u00e7\u00e3o de um Acordo em Controle de Concentra\u00e7\u00f5es (ACC) , da joint venture [uni\u00e3o de empresas] entre Banco do Brasil, Bradesco, Caixa Econ\u00f4mica, Ita\u00fa e Santander. Assim, deve ser criado um novo <strong><em>bureau de cr\u00e9dito<\/em><\/strong>.<\/p>\n<p>A decis\u00e3o foi publicada no Di\u00e1rio Oficial da Uni\u00e3o. Segundo o Cade, um bureau de cr\u00e9dito atua no fornecimento de servi\u00e7os sobre informa\u00e7\u00f5es de adimpl\u00eancia e inadimpl\u00eancia de pessoas f\u00edsicas ou jur\u00eddicas para fins de decis\u00e3o sobre concess\u00e3o de cr\u00e9dito. O novo bureau atuar\u00e1 tanto no cadastro negativo como no cadastro positivo.<\/p>\n<p>Ap\u00f3s an\u00e1lise de informa\u00e7\u00f5es obtidas junto ao mercado, verificou-se que os setores de servi\u00e7os de informa\u00e7\u00f5es negativas (cadastro negativo) e de informa\u00e7\u00f5es positivas (cadastro positivo) de pessoas f\u00edsicas e jur\u00eddicas seriam afetados pela opera\u00e7\u00e3o em virtude da integra\u00e7\u00e3o vertical existente entre bancos e bureaus de cr\u00e9dito, j\u00e1 que os bancos s\u00e3o, ao mesmo tempo, fornecedores de insumos para os bureaus e consumidores dos servi\u00e7os prestados por estes, informou o Cade.<\/p>\n<p>Para a superitend\u00eancia-geral do Cade, a integra\u00e7\u00e3o poderia propiciar a pr\u00e1tica de condutas anticompetitivas, como a discrimina\u00e7\u00e3o no acesso a informa\u00e7\u00f5es geradas pelos bancos aos bureaus de cr\u00e9dito existentes no mercado e que ser\u00e3o concorrentes da joint venture criada, al\u00e9m da discrimina\u00e7\u00e3o do acesso de bancos concorrentes aos servi\u00e7os do novo bureau.<\/p>\n<p>Cadastro Positivo ser\u00e1 alavancado<\/p>\n<p>A superintend\u00eancia-geral tamb\u00e9m verificou que a opera\u00e7\u00e3o possui potencial para alavancar o chamado Cadastro Positivo no Brasil, que ainda se encontra em fase de estrutura\u00e7\u00e3o.<\/p>\n<p>\u201cA consolida\u00e7\u00e3o desse cadastro no pa\u00eds poder\u00e1 gerar impactos positivos que v\u00e3o al\u00e9m do mercado de servi\u00e7os de informa\u00e7\u00f5es de cr\u00e9dito, a partir da redu\u00e7\u00e3o da inadimpl\u00eancia e, por conseguinte, dos juros e do spread banc\u00e1rio, benef\u00edcios que seriam auferidos por todos os tomadores de cr\u00e9dito\u201d, destaca, em nota, o Cade.<\/p>\n<p>A nota diz tamb\u00e9m que, nesse sentido, para afastar as preocupa\u00e7\u00f5es concorrenciais derivadas, principalmente, da integra\u00e7\u00e3o vertical entre os requerentes e o novo bureau de cr\u00e9dito, os bancos concordaram em celebrar um acordo com o Cade como condi\u00e7\u00e3o para aprova\u00e7\u00e3o da opera\u00e7\u00e3o. O acordo prev\u00ea, entre outras obriga\u00e7\u00f5es, metas para o crescimento do cadastro positivo, garantias de n\u00e3o discrimina\u00e7\u00e3o para bureaus de cr\u00e9dito concorrentes no acesso a informa\u00e7\u00f5es de cr\u00e9dito e mecanismos de governan\u00e7a corporativa para evitar a troca de informa\u00e7\u00f5es entre os bancos s\u00f3cios por meio da joint venture.<\/p>\n<p>Da Ag\u00eancia Brasil<br \/>\nEdi\u00e7\u00e3o: Kleber Sampaio<br \/>\n06\/09\/2016<\/p>\n","protected":false},"excerpt":{"rendered":"<p>A Superintend\u00eancia-Geral do Conselho Administrativo de Defesa Econ\u00f4mica (Cade) recomendou ao tribunal do \u00f3rg\u00e3o a aprova\u00e7\u00e3o, condicionada \u00e0 celebra\u00e7\u00e3o de um Acordo em Controle de Concentra\u00e7\u00f5es (ACC) , da joint venture [uni\u00e3o de empresas] entre Banco do Brasil, Bradesco, Caixa Econ\u00f4mica, Ita\u00fa e Santander. Assim, deve ser criado um novo bureau de cr\u00e9dito. A decis\u00e3o [&hellip;]<\/p>\n","protected":false},"author":2,"featured_media":57576,"comment_status":"open","ping_status":"closed","sticky":false,"template":"","format":"standard","meta":{"_genesis_hide_title":false,"_genesis_hide_breadcrumbs":false,"_genesis_hide_singular_image":false,"_genesis_hide_footer_widgets":false,"_genesis_custom_body_class":"","_genesis_custom_post_class":"","_genesis_layout":"","_jetpack_memberships_contains_paid_content":false,"footnotes":""},"categories":[22,7],"tags":[],"class_list":{"0":"post-94617","1":"post","2":"type-post","3":"status-publish","4":"format-standard","5":"has-post-thumbnail","7":"category-brasil","8":"category-economia","9":"entry","10":"gs-1","11":"gs-odd","12":"gs-even","13":"gs-featured-content-entry"},"jetpack_featured_media_url":"https:\/\/www.redenoticia.com.br\/noticia\/imagens\/tecnologia1.jpg","jetpack_sharing_enabled":true,"jetpack_likes_enabled":true,"_links":{"self":[{"href":"https:\/\/www.redenoticia.com.br\/noticia\/wp-json\/wp\/v2\/posts\/94617","targetHints":{"allow":["GET"]}}],"collection":[{"href":"https:\/\/www.redenoticia.com.br\/noticia\/wp-json\/wp\/v2\/posts"}],"about":[{"href":"https:\/\/www.redenoticia.com.br\/noticia\/wp-json\/wp\/v2\/types\/post"}],"author":[{"embeddable":true,"href":"https:\/\/www.redenoticia.com.br\/noticia\/wp-json\/wp\/v2\/users\/2"}],"replies":[{"embeddable":true,"href":"https:\/\/www.redenoticia.com.br\/noticia\/wp-json\/wp\/v2\/comments?post=94617"}],"version-history":[{"count":0,"href":"https:\/\/www.redenoticia.com.br\/noticia\/wp-json\/wp\/v2\/posts\/94617\/revisions"}],"wp:featuredmedia":[{"embeddable":true,"href":"https:\/\/www.redenoticia.com.br\/noticia\/wp-json\/wp\/v2\/media\/57576"}],"wp:attachment":[{"href":"https:\/\/www.redenoticia.com.br\/noticia\/wp-json\/wp\/v2\/media?parent=94617"}],"wp:term":[{"taxonomy":"category","embeddable":true,"href":"https:\/\/www.redenoticia.com.br\/noticia\/wp-json\/wp\/v2\/categories?post=94617"},{"taxonomy":"post_tag","embeddable":true,"href":"https:\/\/www.redenoticia.com.br\/noticia\/wp-json\/wp\/v2\/tags?post=94617"}],"curies":[{"name":"wp","href":"https:\/\/api.w.org\/{rel}","templated":true}]}}