{"id":94609,"date":"2016-09-06T06:18:24","date_gmt":"2016-09-06T09:18:24","guid":{"rendered":"http:\/\/www.redenoticia.com.br\/noticia\/?p=94609"},"modified":"2016-09-06T00:20:01","modified_gmt":"2016-09-06T03:20:01","slug":"fapesp-lanca-novo-site-pesquisa-para-inovacao","status":"publish","type":"post","link":"https:\/\/www.redenoticia.com.br\/noticia\/2016\/fapesp-lanca-novo-site-pesquisa-para-inovacao\/94609","title":{"rendered":"FAPESP lan\u00e7a novo site Pesquisa para Inova\u00e7\u00e3o"},"content":{"rendered":"<p>Ag\u00eancia FAPESP \u2013 O boletim <strong><em>Pesquisa para Inova\u00e7\u00e3o<\/em><\/strong> est\u00e1 de cara nova \u2013 e de casa nova tamb\u00e9m. Lan\u00e7ado em 14 de junho, o boletim \u00e9 enviado semanalmente a quase 100 mil empres\u00e1rios, executivos, consultores, pesquisadores e diversos outros profissionais com um grande ponto em comum: a vontade de inovar.<\/p>\n<p>A partir desta ter\u00e7a-feira (06\/09), Pesquisa para Inova\u00e7\u00e3o deixa de ser um produto da Ag\u00eancia FAPESP para se tornar um novo ve\u00edculo de divulga\u00e7\u00e3o da Funda\u00e7\u00e3o.<\/p>\n<p>FAPESP \u2013 Pesquisa para Inova\u00e7\u00e3o, que pode ser acessado em , traz reportagens com casos de sucesso de empresas inovadoras, v\u00eddeos com depoimentos de empres\u00e1rios sobre os desafios de empreender, oportunidades de financiamento a projetos de inova\u00e7\u00e3o, not\u00edcias e agenda de eventos de interesse do setor, atualizados diariamente.<\/p>\n<p>Al\u00e9m do site, FAPESP \u2013 Pesquisa para Inova\u00e7\u00e3o continuar\u00e1 a enviar por e-mail, todas as ter\u00e7as-feiras, um boletim com novidades para inovadores brasileiros. A ideia \u00e9 estimular a inova\u00e7\u00e3o empresarial no Estado de S\u00e3o Paulo e no Brasil e promover a colabora\u00e7\u00e3o entre universidades e empresas, bem como o interc\u00e2mbio de informa\u00e7\u00f5es entre parceiros potenciais.<\/p>\n<p>O boletim \u00e9 gratuito e pode ser assinado em: .<\/p>\n","protected":false},"excerpt":{"rendered":"<p>Ag\u00eancia FAPESP \u2013 O boletim Pesquisa para Inova\u00e7\u00e3o est\u00e1 de cara nova \u2013 e de casa nova tamb\u00e9m. Lan\u00e7ado em 14 de junho, o boletim \u00e9 enviado semanalmente a quase 100 mil empres\u00e1rios, executivos, consultores, pesquisadores e diversos outros profissionais com um grande ponto em comum: a vontade de inovar. A partir desta ter\u00e7a-feira (06\/09), [&hellip;]<\/p>\n","protected":false},"author":2,"featured_media":37419,"comment_status":"open","ping_status":"closed","sticky":false,"template":"","format":"standard","meta":{"_genesis_hide_title":false,"_genesis_hide_breadcrumbs":false,"_genesis_hide_singular_image":false,"_genesis_hide_footer_widgets":false,"_genesis_custom_body_class":"","_genesis_custom_post_class":"","_genesis_layout":"","_jetpack_memberships_contains_paid_content":false,"footnotes":""},"categories":[22],"tags":[],"class_list":{"0":"post-94609","1":"post","2":"type-post","3":"status-publish","4":"format-standard","5":"has-post-thumbnail","7":"category-brasil","8":"entry","9":"gs-1","10":"gs-odd","11":"gs-even","12":"gs-featured-content-entry"},"jetpack_featured_media_url":"https:\/\/www.redenoticia.com.br\/noticia\/imagens\/computador-tecnologia.jpg","jetpack_sharing_enabled":true,"jetpack_likes_enabled":true,"_links":{"self":[{"href":"https:\/\/www.redenoticia.com.br\/noticia\/wp-json\/wp\/v2\/posts\/94609","targetHints":{"allow":["GET"]}}],"collection":[{"href":"https:\/\/www.redenoticia.com.br\/noticia\/wp-json\/wp\/v2\/posts"}],"about":[{"href":"https:\/\/www.redenoticia.com.br\/noticia\/wp-json\/wp\/v2\/types\/post"}],"author":[{"embeddable":true,"href":"https:\/\/www.redenoticia.com.br\/noticia\/wp-json\/wp\/v2\/users\/2"}],"replies":[{"embeddable":true,"href":"https:\/\/www.redenoticia.com.br\/noticia\/wp-json\/wp\/v2\/comments?post=94609"}],"version-history":[{"count":0,"href":"https:\/\/www.redenoticia.com.br\/noticia\/wp-json\/wp\/v2\/posts\/94609\/revisions"}],"wp:featuredmedia":[{"embeddable":true,"href":"https:\/\/www.redenoticia.com.br\/noticia\/wp-json\/wp\/v2\/media\/37419"}],"wp:attachment":[{"href":"https:\/\/www.redenoticia.com.br\/noticia\/wp-json\/wp\/v2\/media?parent=94609"}],"wp:term":[{"taxonomy":"category","embeddable":true,"href":"https:\/\/www.redenoticia.com.br\/noticia\/wp-json\/wp\/v2\/categories?post=94609"},{"taxonomy":"post_tag","embeddable":true,"href":"https:\/\/www.redenoticia.com.br\/noticia\/wp-json\/wp\/v2\/tags?post=94609"}],"curies":[{"name":"wp","href":"https:\/\/api.w.org\/{rel}","templated":true}]}}