{"id":94452,"date":"2016-09-05T06:35:08","date_gmt":"2016-09-05T09:35:08","guid":{"rendered":"http:\/\/www.redenoticia.com.br\/noticia\/?p=94452"},"modified":"2016-09-03T00:35:57","modified_gmt":"2016-09-03T03:35:57","slug":"inflacao-pelo-ipc-tem-nova-desaceleracao-em-sao-paulo","status":"publish","type":"post","link":"https:\/\/www.redenoticia.com.br\/noticia\/2016\/inflacao-pelo-ipc-tem-nova-desaceleracao-em-sao-paulo\/94452","title":{"rendered":"Infla\u00e7\u00e3o pelo IPC tem nova desacelera\u00e7\u00e3o em S\u00e3o Paulo"},"content":{"rendered":"<p> O <strong><em>\u00cdndice de Pre\u00e7os ao Consumidor<\/em><\/strong> (IPC), medido pela Funda\u00e7\u00e3o Instituto de Pesquisas Econ\u00f4micas (Fipe), na cidade de S\u00e3o Paulo, encerrou agosto com alta de 0,11%. A taxa \u00e9 menor que a registrada em julho (0,35%) e tamb\u00e9m menor do que o resultado de junho (0,65%). No acumulado de janeiro a agosto, o IPC teve alta de 5,48% e, nos \u00faltimos 12 meses, 9,13%.<\/p>\n<p>Tr\u00eas dos sete grupos pesquisados recuaram em compara\u00e7\u00e3o ao fechamento de julho com destaque para habita\u00e7\u00e3o, que passou de uma alta de 0,2% para uma queda de 0,57%. Em transportes, o \u00edndice indicou redu\u00e7\u00e3o de 0,02% ante uma alta de 0,04% e, em educa\u00e7\u00e3o, a taxa foi negativa em 0,05% ante um aumento de 0,88%.<\/p>\n<p>Menos for\u00e7a<\/p>\n<p>No grupo alimenta\u00e7\u00e3o, os pre\u00e7os subiram com menos for\u00e7a (de 0,78% para 0,74%) e tamb\u00e9m caiu o ritmo de corre\u00e7\u00e3o nos grupos: despesas pessoais (de 0,26% para 0,05%) e sa\u00fade (de 1,46% para 1,41%).<\/p>\n<p>A \u00fanica eleva\u00e7\u00e3o na intensidade de reajuste foi constatada em vestu\u00e1rio. Neste grupo, o IPC tinha recuado em 0,98%, em julho, e, no fechamento de agosto, passou para uma alta de 0,21%. A subida de pre\u00e7o das roupas e outros artigos do vestu\u00e1rio \u00e9 normal nessa \u00e9poca do ano, quando chegam ao fim as liquida\u00e7\u00f5es de inverno e come\u00e7am a prevalecer nas vitrines as roupas da moda primavera-ver\u00e3o.<\/p>\n<p>Ag\u00eancia Brasil<br \/>\nEdi\u00e7\u00e3o: Kleber Sampaio<br \/>\n05\/09\/2016<\/p>\n","protected":false},"excerpt":{"rendered":"<p>O \u00cdndice de Pre\u00e7os ao Consumidor (IPC), medido pela Funda\u00e7\u00e3o Instituto de Pesquisas Econ\u00f4micas (Fipe), na cidade de S\u00e3o Paulo, encerrou agosto com alta de 0,11%. A taxa \u00e9 menor que a registrada em julho (0,35%) e tamb\u00e9m menor do que o resultado de junho (0,65%). No acumulado de janeiro a agosto, o IPC teve [&hellip;]<\/p>\n","protected":false},"author":2,"featured_media":57584,"comment_status":"open","ping_status":"closed","sticky":false,"template":"","format":"standard","meta":{"_genesis_hide_title":false,"_genesis_hide_breadcrumbs":false,"_genesis_hide_singular_image":false,"_genesis_hide_footer_widgets":false,"_genesis_custom_body_class":"","_genesis_custom_post_class":"","_genesis_layout":"","_jetpack_memberships_contains_paid_content":false,"footnotes":""},"categories":[22,7],"tags":[],"class_list":{"0":"post-94452","1":"post","2":"type-post","3":"status-publish","4":"format-standard","5":"has-post-thumbnail","7":"category-brasil","8":"category-economia","9":"entry","10":"gs-1","11":"gs-odd","12":"gs-even","13":"gs-featured-content-entry"},"jetpack_featured_media_url":"https:\/\/www.redenoticia.com.br\/noticia\/imagens\/economia-grafica-analise-inflacao.jpg","jetpack_sharing_enabled":true,"jetpack_likes_enabled":true,"_links":{"self":[{"href":"https:\/\/www.redenoticia.com.br\/noticia\/wp-json\/wp\/v2\/posts\/94452","targetHints":{"allow":["GET"]}}],"collection":[{"href":"https:\/\/www.redenoticia.com.br\/noticia\/wp-json\/wp\/v2\/posts"}],"about":[{"href":"https:\/\/www.redenoticia.com.br\/noticia\/wp-json\/wp\/v2\/types\/post"}],"author":[{"embeddable":true,"href":"https:\/\/www.redenoticia.com.br\/noticia\/wp-json\/wp\/v2\/users\/2"}],"replies":[{"embeddable":true,"href":"https:\/\/www.redenoticia.com.br\/noticia\/wp-json\/wp\/v2\/comments?post=94452"}],"version-history":[{"count":0,"href":"https:\/\/www.redenoticia.com.br\/noticia\/wp-json\/wp\/v2\/posts\/94452\/revisions"}],"wp:featuredmedia":[{"embeddable":true,"href":"https:\/\/www.redenoticia.com.br\/noticia\/wp-json\/wp\/v2\/media\/57584"}],"wp:attachment":[{"href":"https:\/\/www.redenoticia.com.br\/noticia\/wp-json\/wp\/v2\/media?parent=94452"}],"wp:term":[{"taxonomy":"category","embeddable":true,"href":"https:\/\/www.redenoticia.com.br\/noticia\/wp-json\/wp\/v2\/categories?post=94452"},{"taxonomy":"post_tag","embeddable":true,"href":"https:\/\/www.redenoticia.com.br\/noticia\/wp-json\/wp\/v2\/tags?post=94452"}],"curies":[{"name":"wp","href":"https:\/\/api.w.org\/{rel}","templated":true}]}}