{"id":94450,"date":"2016-09-05T06:33:50","date_gmt":"2016-09-05T09:33:50","guid":{"rendered":"http:\/\/www.redenoticia.com.br\/noticia\/?p=94450"},"modified":"2016-09-03T00:35:03","modified_gmt":"2016-09-03T03:35:03","slug":"melhora-nas-importacoes-pode-sinalizar-retomada-da-atividade-economica","status":"publish","type":"post","link":"https:\/\/www.redenoticia.com.br\/noticia\/2016\/melhora-nas-importacoes-pode-sinalizar-retomada-da-atividade-economica\/94450","title":{"rendered":"Melhora nas importa\u00e7\u00f5es pode sinalizar retomada da atividade econ\u00f4mica"},"content":{"rendered":"<p> Uma <strong><em>redu\u00e7\u00e3o na queda das importa\u00e7\u00f5es brasileiras<\/em><\/strong>, verificada nos \u00faltimos tr\u00eas meses, pode ser sinal do in\u00edcio da recupera\u00e7\u00e3o da atividade econ\u00f4mica no pa\u00eds, disse o diretor do Departamento de Estat\u00edstica e Apoio \u00e0 Exporta\u00e7\u00e3o do Minist\u00e9rio da Ind\u00fastria, Com\u00e9rcio Exterior e Servi\u00e7os, Herlon Brand\u00e3o, ao comentar os resultados da balan\u00e7a comercial de agosto.<\/p>\n<p>As importa\u00e7\u00f5es est\u00e3o tradicionalmente atreladas \u00e0 atividade econ\u00f4mica, j\u00e1 que abarcam a compra de bens intermedi\u00e1rios e bens de capital utilizados na produ\u00e7\u00e3o industrial. De janeiro a agosto deste ano, as importa\u00e7\u00f5es brasileiras ca\u00edram 25,5% ante igual per\u00edodo de 2015.<\/p>\n<p>No entanto, o governo avalia que a trajet\u00f3ria das compras no exterior come\u00e7a a melhorar a partir de junho, com destaque para agosto. Naquele m\u00eas, a queda no valor importado ficou em 19,3% ante igual per\u00edodo de 2015. Em julho, o recuo foi de 20,3%. Em agosto, ficou em um d\u00edgito, somando 8,3%. O c\u00e1lculo \u00e9 feito segundo a m\u00e9dia di\u00e1ria, que expressa o volume negociado por dia \u00fatil.<\/p>\n<p>\u201cEssa queda de 8,3% \u00e9 a menor redu\u00e7\u00e3o de importa\u00e7\u00e3o desde novembro de 2014, que havia sido 5,5%. Para se ter uma ideia, em janeiro deste ano, a queda chegava a 36%. Isso j\u00e1 pode ser um sinal da economia\u201d, afirmou Herlon Brand\u00e3o. Ele destacou, entretanto, que \u201cainda \u00e9 cedo para falar\u201d.<\/p>\n<p>No acumulado do ano, as importa\u00e7\u00f5es de bens de capital e bens intermedi\u00e1rios continuam com queda de dois d\u00edgitos. As aquisi\u00e7\u00f5es dos primeiros recuaram 21,6% ante janeiro a agosto de 2015, enquanto as compras de bens intermedi\u00e1rios ca\u00edram 22,1% ante igual per\u00edodo.<\/p>\n<p>Quando analisado apenas o m\u00eas de agosto, as importa\u00e7\u00f5es de bens de capital ainda t\u00eam queda de 31% na compara\u00e7\u00e3o com agosto de 2015. As compras de bens intermedi\u00e1rios, no entanto, recuaram apenas 0,5%, mantendo-se quase est\u00e1veis.<\/p>\n<p>Exporta\u00e7\u00f5es<\/p>\n<p>Por outro lado, a previs\u00e3o do governo de que as exporta\u00e7\u00f5es voltariam a crescer neste ano ainda n\u00e3o se concretizou. As vendas externas do pa\u00eds acumulam queda de 4,9% no ano segundo o crit\u00e9rio da m\u00e9dia di\u00e1ria, em rela\u00e7\u00e3o ao per\u00edodo de janeiro a agosto em 2015.<\/p>\n<p>O saldo positivo da balan\u00e7a comercial, tanto em agosto quanto no acumulado do ano, deve-se ao fato de as importa\u00e7\u00f5es estarem caindo em ritmo mais acentuado que as vendas externas. Ainda assim, Herlon Brand\u00e3o destacou como positivo o super\u00e1vit recorde registrado em 2016.<\/p>\n<p>\u201cO saldo comercial ajuda nas contas externas, e esperamos que as importa\u00e7\u00f5es sejam um sinal de melhora na atividade\u201d, ressaltou. A balan\u00e7a est\u00e1 positiva em US$ 32,4 bilh\u00f5es de janeiro a agosto, melhor resultado para o per\u00edodo desde o in\u00edcio da s\u00e9rie hist\u00f3rica, em 1989. Em agosto, o saldo positivo foi de US$ 4,14 bilh\u00f5es, segundo melhor da hist\u00f3ria, perdendo apenas para 2006.<\/p>\n<p>Entre destaques dos produtos exportados no m\u00eas passado est\u00e3o avi\u00f5es, com crescimento de 102,3%; a\u00e7\u00facar bruto, com alta de 72,2%; e autom\u00f3veis de passageiros, com alta de 66,2%.<\/p>\n<p>O Minist\u00e9rio da Ind\u00fastria, Com\u00e9rcio Exterior e Servi\u00e7os mant\u00e9m a proje\u00e7\u00e3o de que a balan\u00e7a fechar\u00e1 este ano com saldo positivo entre US$ 45 bilh\u00f5es e US$ 50 bilh\u00f5es. O resultado pode ultrapassar o recorde anual, de super\u00e1vit de US$ 46,5 bilh\u00f5es, alcan\u00e7ado em 2006.<\/p>\n<p>Mariana Branco \u2013 Rep\u00f3rter da Ag\u00eancia Brasil<br \/>\nEdi\u00e7\u00e3o: N\u00e1dia Franco<br \/>\n05\/09\/2016<\/p>\n","protected":false},"excerpt":{"rendered":"<p>Uma redu\u00e7\u00e3o na queda das importa\u00e7\u00f5es brasileiras, verificada nos \u00faltimos tr\u00eas meses, pode ser sinal do in\u00edcio da recupera\u00e7\u00e3o da atividade econ\u00f4mica no pa\u00eds, disse o diretor do Departamento de Estat\u00edstica e Apoio \u00e0 Exporta\u00e7\u00e3o do Minist\u00e9rio da Ind\u00fastria, Com\u00e9rcio Exterior e Servi\u00e7os, Herlon Brand\u00e3o, ao comentar os resultados da balan\u00e7a comercial de agosto. As [&hellip;]<\/p>\n","protected":false},"author":2,"featured_media":57585,"comment_status":"open","ping_status":"closed","sticky":false,"template":"","format":"standard","meta":{"_genesis_hide_title":false,"_genesis_hide_breadcrumbs":false,"_genesis_hide_singular_image":false,"_genesis_hide_footer_widgets":false,"_genesis_custom_body_class":"","_genesis_custom_post_class":"","_genesis_layout":"","_jetpack_memberships_contains_paid_content":false,"footnotes":""},"categories":[22,7],"tags":[],"class_list":{"0":"post-94450","1":"post","2":"type-post","3":"status-publish","4":"format-standard","5":"has-post-thumbnail","7":"category-brasil","8":"category-economia","9":"entry","10":"gs-1","11":"gs-odd","12":"gs-even","13":"gs-featured-content-entry"},"jetpack_featured_media_url":"https:\/\/www.redenoticia.com.br\/noticia\/imagens\/analise-economia.jpg","jetpack_sharing_enabled":true,"jetpack_likes_enabled":true,"_links":{"self":[{"href":"https:\/\/www.redenoticia.com.br\/noticia\/wp-json\/wp\/v2\/posts\/94450","targetHints":{"allow":["GET"]}}],"collection":[{"href":"https:\/\/www.redenoticia.com.br\/noticia\/wp-json\/wp\/v2\/posts"}],"about":[{"href":"https:\/\/www.redenoticia.com.br\/noticia\/wp-json\/wp\/v2\/types\/post"}],"author":[{"embeddable":true,"href":"https:\/\/www.redenoticia.com.br\/noticia\/wp-json\/wp\/v2\/users\/2"}],"replies":[{"embeddable":true,"href":"https:\/\/www.redenoticia.com.br\/noticia\/wp-json\/wp\/v2\/comments?post=94450"}],"version-history":[{"count":0,"href":"https:\/\/www.redenoticia.com.br\/noticia\/wp-json\/wp\/v2\/posts\/94450\/revisions"}],"wp:featuredmedia":[{"embeddable":true,"href":"https:\/\/www.redenoticia.com.br\/noticia\/wp-json\/wp\/v2\/media\/57585"}],"wp:attachment":[{"href":"https:\/\/www.redenoticia.com.br\/noticia\/wp-json\/wp\/v2\/media?parent=94450"}],"wp:term":[{"taxonomy":"category","embeddable":true,"href":"https:\/\/www.redenoticia.com.br\/noticia\/wp-json\/wp\/v2\/categories?post=94450"},{"taxonomy":"post_tag","embeddable":true,"href":"https:\/\/www.redenoticia.com.br\/noticia\/wp-json\/wp\/v2\/tags?post=94450"}],"curies":[{"name":"wp","href":"https:\/\/api.w.org\/{rel}","templated":true}]}}