{"id":94442,"date":"2016-09-05T06:27:53","date_gmt":"2016-09-05T09:27:53","guid":{"rendered":"http:\/\/www.redenoticia.com.br\/noticia\/?p=94442"},"modified":"2016-09-03T00:29:02","modified_gmt":"2016-09-03T03:29:02","slug":"estudantes-da-unb-tem-nova-oportunidade-de-avaliar-ingles-e-espanhol","status":"publish","type":"post","link":"https:\/\/www.redenoticia.com.br\/noticia\/2016\/estudantes-da-unb-tem-nova-oportunidade-de-avaliar-ingles-e-espanhol\/94442","title":{"rendered":"Estudantes da UnB t\u00eam nova oportunidade de avaliar Ingl\u00eas e Espanhol"},"content":{"rendered":"<p> A Universidade de Bras\u00edlia (UnB) reabriu as inscri\u00e7\u00f5es no evento para avaliar conhecimentos em <strong><em>Ingl\u00eas Instrumental e(ou) em L\u00edngua Espanhola<\/em><\/strong>. O processo \u00e9 exclusivo para alunos regularmente matriculados em cursos de gradua\u00e7\u00e3o da UnB.<\/p>\n<p>Para participar, o estudante dever\u00e1 se inscrever at\u00e9 11 de setembro, pelo site, informando seu n\u00famero de matr\u00edcula na UnB e e-mail. N\u00e3o haver\u00e1 taxa de inscri\u00e7\u00e3o.<\/p>\n<p>A avalia\u00e7\u00e3o ir\u00e1 ocorrer entre 15 e 17 de setembro, no local escolhido pelo aluno no momento da inscri\u00e7\u00e3o. O estudante inscrito poder\u00e1 participar das duas avalia\u00e7\u00f5es, se desejar. Tamb\u00e9m poder\u00e1 participar novamente aqueles que obtiveram percentual de acerto inferior a 80% ou que n\u00e3o compareceram para a realiza\u00e7\u00e3o das provas agendadas.<\/p>\n<p>A aplica\u00e7\u00e3o das provas ser\u00e1 feita em computador, com utiliza\u00e7\u00e3o de software espec\u00edfico. Os alunos que participarem da avalia\u00e7\u00e3o de conhecimentos poder\u00e3o receber dois cr\u00e9ditos de m\u00f3dulo livre, quatro cr\u00e9ditos da disciplina Ingl\u00eas Instrumental I e(ou) quatro cr\u00e9ditos da disciplina L\u00edngua Espanhola I ou quatro cr\u00e9ditos em Ingl\u00eas Instrumental I e quatro cr\u00e9ditos em Ingl\u00eas Instrumental II e(ou) quatro cr\u00e9ditos em L\u00edngua Espanhola I e(ou) quatro cr\u00e9ditos em L\u00edngua Espanhola II, conforme seu desempenho nas provas.<\/p>\n<p>SERVI\u00c7O<br \/>\nEvento: Avalie seus Conhecimentos em Ingl\u00eas Instrumental e em L\u00edngua Espanhola<br \/>\nInscri\u00e7\u00f5es: at\u00e9 11 de setembro<br \/>\nProvas: entre 15 e 17 de setembro<\/p>\n<p>CONTATO<br \/>\nOutras informa\u00e7\u00f5es no site  ou na Central de Atendimento ao Candidato do Cespe, de segunda a sexta, das 7h30 \u00e0s 20h30 \u2013 Campus Darcy Ribeiro, Sede do Cespe \u2013 pelo telefone (61) 3448 0100.<\/p>\n","protected":false},"excerpt":{"rendered":"<p>A Universidade de Bras\u00edlia (UnB) reabriu as inscri\u00e7\u00f5es no evento para avaliar conhecimentos em Ingl\u00eas Instrumental e(ou) em L\u00edngua Espanhola. O processo \u00e9 exclusivo para alunos regularmente matriculados em cursos de gradua\u00e7\u00e3o da UnB. Para participar, o estudante dever\u00e1 se inscrever at\u00e9 11 de setembro, pelo site, informando seu n\u00famero de matr\u00edcula na UnB e [&hellip;]<\/p>\n","protected":false},"author":2,"featured_media":36244,"comment_status":"open","ping_status":"closed","sticky":false,"template":"","format":"standard","meta":{"_genesis_hide_title":false,"_genesis_hide_breadcrumbs":false,"_genesis_hide_singular_image":false,"_genesis_hide_footer_widgets":false,"_genesis_custom_body_class":"","_genesis_custom_post_class":"","_genesis_layout":"","_jetpack_memberships_contains_paid_content":false,"footnotes":""},"categories":[22],"tags":[],"class_list":{"0":"post-94442","1":"post","2":"type-post","3":"status-publish","4":"format-standard","5":"has-post-thumbnail","7":"category-brasil","8":"entry","9":"gs-1","10":"gs-odd","11":"gs-even","12":"gs-featured-content-entry"},"jetpack_featured_media_url":"https:\/\/www.redenoticia.com.br\/noticia\/imagens\/aluno-vestibular.jpg","jetpack_sharing_enabled":true,"jetpack_likes_enabled":true,"_links":{"self":[{"href":"https:\/\/www.redenoticia.com.br\/noticia\/wp-json\/wp\/v2\/posts\/94442","targetHints":{"allow":["GET"]}}],"collection":[{"href":"https:\/\/www.redenoticia.com.br\/noticia\/wp-json\/wp\/v2\/posts"}],"about":[{"href":"https:\/\/www.redenoticia.com.br\/noticia\/wp-json\/wp\/v2\/types\/post"}],"author":[{"embeddable":true,"href":"https:\/\/www.redenoticia.com.br\/noticia\/wp-json\/wp\/v2\/users\/2"}],"replies":[{"embeddable":true,"href":"https:\/\/www.redenoticia.com.br\/noticia\/wp-json\/wp\/v2\/comments?post=94442"}],"version-history":[{"count":0,"href":"https:\/\/www.redenoticia.com.br\/noticia\/wp-json\/wp\/v2\/posts\/94442\/revisions"}],"wp:featuredmedia":[{"embeddable":true,"href":"https:\/\/www.redenoticia.com.br\/noticia\/wp-json\/wp\/v2\/media\/36244"}],"wp:attachment":[{"href":"https:\/\/www.redenoticia.com.br\/noticia\/wp-json\/wp\/v2\/media?parent=94442"}],"wp:term":[{"taxonomy":"category","embeddable":true,"href":"https:\/\/www.redenoticia.com.br\/noticia\/wp-json\/wp\/v2\/categories?post=94442"},{"taxonomy":"post_tag","embeddable":true,"href":"https:\/\/www.redenoticia.com.br\/noticia\/wp-json\/wp\/v2\/tags?post=94442"}],"curies":[{"name":"wp","href":"https:\/\/api.w.org\/{rel}","templated":true}]}}