{"id":94361,"date":"2016-09-02T06:18:14","date_gmt":"2016-09-02T09:18:14","guid":{"rendered":"http:\/\/www.redenoticia.com.br\/noticia\/?p=94361"},"modified":"2016-09-01T21:19:16","modified_gmt":"2016-09-02T00:19:16","slug":"mercado-imobiliario-tem-piores-condicoes-ja-registradas-no-radar-abrainc-fipe","status":"publish","type":"post","link":"https:\/\/www.redenoticia.com.br\/noticia\/2016\/mercado-imobiliario-tem-piores-condicoes-ja-registradas-no-radar-abrainc-fipe\/94361","title":{"rendered":"Mercado imobili\u00e1rio tem piores condi\u00e7\u00f5es j\u00e1 registradas no Radar Abrainc-Fipe"},"content":{"rendered":"<p> As condi\u00e7\u00f5es do <strong><em>mercado imobili\u00e1rio<\/em><\/strong> atingiram em junho o pior n\u00edvel do indicador da Associa\u00e7\u00e3o Brasileira de Incorporadoras Imobili\u00e1rias (Abrainc) e da Funda\u00e7\u00e3o Instituto de Pesquisas Econ\u00f4micas (Fipe). A pontua\u00e7\u00e3o m\u00e9dia do Radar Abrainc-Fipe, em uma escala de zero (menos favor\u00e1vel) e dez (mais favor\u00e1vel), ficou em 2,2 pontos, registrando piso da s\u00e9rie hist\u00f3rica, iniciada em 2004. O indicador lan\u00e7ado em julho deste ano tem dados que retroagem a janeiro de 2004.<\/p>\n<p>O estudo combina quatro dimens\u00f5es &#8211; ambiente macro (confian\u00e7a, atividade e juros), cr\u00e9dito imobili\u00e1rio (condi\u00e7\u00f5es de financiamento, concess\u00f5es reais e atratividade do financiamento), demanda (emprego, massa salarial e atratividade do investimento imobili\u00e1rio) e ambiente do setor (insumos, lan\u00e7amentos e pre\u00e7os dos im\u00f3veis) &#8211; com indicadores de cada uma delas.<\/p>\n<p>Em rela\u00e7\u00e3o a maio, houve queda de 0,1 ponto no indicador. Na compara\u00e7\u00e3o com junho de 2015, a retra\u00e7\u00e3o chegou a 1,6 ponto.<\/p>\n<p>Para calcular o Radar Abrainc-Fipe, s\u00e3o reunidos dados do Banco Central, Funda\u00e7\u00e3o Get\u00falio Vargas, Instituto de Geografia e Estat\u00edstica (IBGE), entre outras institui\u00e7\u00f5es.<\/p>\n<p>Segundo a Abrainc, apesar de ligeira melhora no ambiente macro (alta de 0,1 na compara\u00e7\u00e3o de junho com maio), as dimens\u00f5es de cr\u00e9dito imobili\u00e1rio (queda de 0,3) e demanda (retra\u00e7\u00e3o de 0,2) mantiveram trajet\u00f3ria declinante. O ambiente setorial manteve-se praticamente est\u00e1vel (queda de 0,02).<\/p>\n<p>Da Ag\u00eancia Brasil<br \/>\nEdi\u00e7\u00e3o: Maria Claudia<br \/>\n02\/09\/2016 <\/p>\n","protected":false},"excerpt":{"rendered":"<p>As condi\u00e7\u00f5es do mercado imobili\u00e1rio atingiram em junho o pior n\u00edvel do indicador da Associa\u00e7\u00e3o Brasileira de Incorporadoras Imobili\u00e1rias (Abrainc) e da Funda\u00e7\u00e3o Instituto de Pesquisas Econ\u00f4micas (Fipe). A pontua\u00e7\u00e3o m\u00e9dia do Radar Abrainc-Fipe, em uma escala de zero (menos favor\u00e1vel) e dez (mais favor\u00e1vel), ficou em 2,2 pontos, registrando piso da s\u00e9rie hist\u00f3rica, iniciada [&hellip;]<\/p>\n","protected":false},"author":2,"featured_media":34681,"comment_status":"open","ping_status":"closed","sticky":false,"template":"","format":"standard","meta":{"_genesis_hide_title":false,"_genesis_hide_breadcrumbs":false,"_genesis_hide_singular_image":false,"_genesis_hide_footer_widgets":false,"_genesis_custom_body_class":"","_genesis_custom_post_class":"","_genesis_layout":"","_jetpack_memberships_contains_paid_content":false,"footnotes":""},"categories":[22,7],"tags":[],"class_list":{"0":"post-94361","1":"post","2":"type-post","3":"status-publish","4":"format-standard","5":"has-post-thumbnail","7":"category-brasil","8":"category-economia","9":"entry","10":"gs-1","11":"gs-odd","12":"gs-even","13":"gs-featured-content-entry"},"jetpack_featured_media_url":"https:\/\/www.redenoticia.com.br\/noticia\/imagens\/secovi-sp.jpg","jetpack_sharing_enabled":true,"jetpack_likes_enabled":true,"_links":{"self":[{"href":"https:\/\/www.redenoticia.com.br\/noticia\/wp-json\/wp\/v2\/posts\/94361","targetHints":{"allow":["GET"]}}],"collection":[{"href":"https:\/\/www.redenoticia.com.br\/noticia\/wp-json\/wp\/v2\/posts"}],"about":[{"href":"https:\/\/www.redenoticia.com.br\/noticia\/wp-json\/wp\/v2\/types\/post"}],"author":[{"embeddable":true,"href":"https:\/\/www.redenoticia.com.br\/noticia\/wp-json\/wp\/v2\/users\/2"}],"replies":[{"embeddable":true,"href":"https:\/\/www.redenoticia.com.br\/noticia\/wp-json\/wp\/v2\/comments?post=94361"}],"version-history":[{"count":0,"href":"https:\/\/www.redenoticia.com.br\/noticia\/wp-json\/wp\/v2\/posts\/94361\/revisions"}],"wp:featuredmedia":[{"embeddable":true,"href":"https:\/\/www.redenoticia.com.br\/noticia\/wp-json\/wp\/v2\/media\/34681"}],"wp:attachment":[{"href":"https:\/\/www.redenoticia.com.br\/noticia\/wp-json\/wp\/v2\/media?parent=94361"}],"wp:term":[{"taxonomy":"category","embeddable":true,"href":"https:\/\/www.redenoticia.com.br\/noticia\/wp-json\/wp\/v2\/categories?post=94361"},{"taxonomy":"post_tag","embeddable":true,"href":"https:\/\/www.redenoticia.com.br\/noticia\/wp-json\/wp\/v2\/tags?post=94361"}],"curies":[{"name":"wp","href":"https:\/\/api.w.org\/{rel}","templated":true}]}}