{"id":94359,"date":"2016-09-02T06:16:44","date_gmt":"2016-09-02T09:16:44","guid":{"rendered":"http:\/\/www.redenoticia.com.br\/noticia\/?p=94359"},"modified":"2016-09-01T21:18:09","modified_gmt":"2016-09-02T00:18:09","slug":"mais-da-metade-das-familias-brasileiras-continuam-endividadas-diz-cnc","status":"publish","type":"post","link":"https:\/\/www.redenoticia.com.br\/noticia\/2016\/mais-da-metade-das-familias-brasileiras-continuam-endividadas-diz-cnc\/94359","title":{"rendered":"Mais da metade das fam\u00edlias brasileiras continuam endividadas, diz CNC"},"content":{"rendered":"<p> Depois de seis meses consecutivos de queda na compara\u00e7\u00e3o mensal, o endividamento das fam\u00edlias brasileiras voltou a subir em agosto, indo a 58%. A constata\u00e7\u00e3o \u00e9 da Confedera\u00e7\u00e3o Nacional do Com\u00e9rcio de Bens, Servi\u00e7os e Turismo (CNC), que divulgou a <strong><em>Pesquisa de Endividamento e Inadimpl\u00eancia do Consumidor<\/em><\/strong> (Peic).<\/p>\n<p>O resultado da pesquisa, em agosto, mostra que a alta do endividamento das fam\u00edlias chegou a 0,3 ponto percentual em rela\u00e7\u00e3o a julho, quando o \u00edndice era de 57,7%. Em agosto de 2015, quando o endividamento atingia 62,7% das fam\u00edlias, o \u00edndice chegou a cair 4,7 pontos percentuais.<\/p>\n<p>Na avalia\u00e7\u00e3o da economista da confedera\u00e7\u00e3o, Marianne Hanson, o endividamento vinha caindo, n\u00e3o em fun\u00e7\u00e3o da melhora das condi\u00e7\u00f5es das fam\u00edlias, mas por causa do receio de consumir e da situa\u00e7\u00e3o econ\u00f4mica do pa\u00eds como um todo.<\/p>\n<p>\u201cAs d\u00edvidas vinham diminuindo em fun\u00e7\u00e3o da retra\u00e7\u00e3o do consumo. Essa mudan\u00e7a de comportamento pode indicar alguma melhora, por\u00e9m, as altas taxas de juros e o mercado de trabalho desaquecido continuam sendo um entrave para a retomada das compras. As fam\u00edlias ainda est\u00e3o inseguras para consumir ou contrair novas d\u00edvidas\u201d, disse Marianne.<\/p>\n<p>Os n\u00fameros de agosto tamb\u00e9m indicam um aumento no percentual das fam\u00edlias que t\u00eam d\u00edvidas em atraso \u2013 seja no cheque pr\u00e9-datado, cart\u00e3o de cr\u00e9dito, cheque especial, carn\u00ea de loja, empr\u00e9stimo pessoal, presta\u00e7\u00e3o de carro ou seguro. Esse n\u00famero subiu 24,4% em julho, um aumento de 2 pontos percentuais em rela\u00e7\u00e3o a julho (22,9%), mantendo ainda um patamar elevado. Em agosto de 2015, o percentual de endividamento das fam\u00edlias era de 22,4%.<\/p>\n<p>Inadimpl\u00eancia<\/p>\n<p>Os dados da Pesquisa de Endividamento e Inadimpl\u00eancia do Consumidor indicam que o percentual de inadimpl\u00eancia aumentou de julho para agosto. O percentual das fam\u00edlias que relataram n\u00e3o ter como pagar suas d\u00edvidas e que, portanto, permanecer\u00e3o inadimplentes, foi de 9,4%, superando julho em 0,7 ponto percentual, quando o indicador registrou 8,7%. Em agosto do ano passado a inadimpl\u00eancia estava em (8,4%).<\/p>\n<p>A pesquisa constatou, por outro lado, que o tempo m\u00e9dio de atraso para pagar as d\u00edvidas foi de 63,3 dias. J\u00e1 o tempo m\u00e9dio de comprometimento com as d\u00edvidas \u00e9 de 7,2 meses, sendo que 34,9% possuem d\u00edvidas por mais de um ano. Do total das fam\u00edlias brasileiras, 21,6% t\u00eam mais da metade da sua renda comprometida com o pagamento de d\u00edvidas.<\/p>\n<p>Para 76,5% das fam\u00edlias endividadas, o cart\u00e3o de cr\u00e9dito \u00e9 o principal tipo de d\u00edvida, seguido de carn\u00eas (15,3%) e financiamento de carro (11,1%).<\/p>\n<p>Nielmar de Oliveira \u2013 Rep\u00f3rter da Ag\u00eancia Brasil<br \/>\nEdi\u00e7\u00e3o: Maria Claudia<br \/>\n02\/09\/2016<\/p>\n","protected":false},"excerpt":{"rendered":"<p>Depois de seis meses consecutivos de queda na compara\u00e7\u00e3o mensal, o endividamento das fam\u00edlias brasileiras voltou a subir em agosto, indo a 58%. A constata\u00e7\u00e3o \u00e9 da Confedera\u00e7\u00e3o Nacional do Com\u00e9rcio de Bens, Servi\u00e7os e Turismo (CNC), que divulgou a Pesquisa de Endividamento e Inadimpl\u00eancia do Consumidor (Peic). O resultado da pesquisa, em agosto, mostra [&hellip;]<\/p>\n","protected":false},"author":2,"featured_media":40734,"comment_status":"open","ping_status":"closed","sticky":false,"template":"","format":"standard","meta":{"_genesis_hide_title":false,"_genesis_hide_breadcrumbs":false,"_genesis_hide_singular_image":false,"_genesis_hide_footer_widgets":false,"_genesis_custom_body_class":"","_genesis_custom_post_class":"","_genesis_layout":"","_jetpack_memberships_contains_paid_content":false,"footnotes":""},"categories":[22,7],"tags":[],"class_list":{"0":"post-94359","1":"post","2":"type-post","3":"status-publish","4":"format-standard","5":"has-post-thumbnail","7":"category-brasil","8":"category-economia","9":"entry","10":"gs-1","11":"gs-odd","12":"gs-even","13":"gs-featured-content-entry"},"jetpack_featured_media_url":"https:\/\/www.redenoticia.com.br\/noticia\/imagens\/economia-resultados.jpg","jetpack_sharing_enabled":true,"jetpack_likes_enabled":true,"_links":{"self":[{"href":"https:\/\/www.redenoticia.com.br\/noticia\/wp-json\/wp\/v2\/posts\/94359","targetHints":{"allow":["GET"]}}],"collection":[{"href":"https:\/\/www.redenoticia.com.br\/noticia\/wp-json\/wp\/v2\/posts"}],"about":[{"href":"https:\/\/www.redenoticia.com.br\/noticia\/wp-json\/wp\/v2\/types\/post"}],"author":[{"embeddable":true,"href":"https:\/\/www.redenoticia.com.br\/noticia\/wp-json\/wp\/v2\/users\/2"}],"replies":[{"embeddable":true,"href":"https:\/\/www.redenoticia.com.br\/noticia\/wp-json\/wp\/v2\/comments?post=94359"}],"version-history":[{"count":0,"href":"https:\/\/www.redenoticia.com.br\/noticia\/wp-json\/wp\/v2\/posts\/94359\/revisions"}],"wp:featuredmedia":[{"embeddable":true,"href":"https:\/\/www.redenoticia.com.br\/noticia\/wp-json\/wp\/v2\/media\/40734"}],"wp:attachment":[{"href":"https:\/\/www.redenoticia.com.br\/noticia\/wp-json\/wp\/v2\/media?parent=94359"}],"wp:term":[{"taxonomy":"category","embeddable":true,"href":"https:\/\/www.redenoticia.com.br\/noticia\/wp-json\/wp\/v2\/categories?post=94359"},{"taxonomy":"post_tag","embeddable":true,"href":"https:\/\/www.redenoticia.com.br\/noticia\/wp-json\/wp\/v2\/tags?post=94359"}],"curies":[{"name":"wp","href":"https:\/\/api.w.org\/{rel}","templated":true}]}}