{"id":94357,"date":"2016-09-02T06:14:59","date_gmt":"2016-09-02T09:14:59","guid":{"rendered":"http:\/\/www.redenoticia.com.br\/noticia\/?p=94357"},"modified":"2016-09-01T21:16:38","modified_gmt":"2016-09-02T00:16:38","slug":"fgv-diz-que-inflacao-pelo-ipc-s-perde-forca-em-agosto-com-variacao-de-032","status":"publish","type":"post","link":"https:\/\/www.redenoticia.com.br\/noticia\/2016\/fgv-diz-que-inflacao-pelo-ipc-s-perde-forca-em-agosto-com-variacao-de-032\/94357","title":{"rendered":"FGV diz que infla\u00e7\u00e3o pelo IPC-S perde for\u00e7a em agosto com varia\u00e7\u00e3o de 0,32%"},"content":{"rendered":"<p> O <strong><em>\u00cdndice de Pre\u00e7os ao Consumidor Semanal<\/em><\/strong> (IPC-S) encerrou agosto com varia\u00e7\u00e3o de 0,32%, o que mostra desacelera\u00e7\u00e3o em rela\u00e7\u00e3o aos demais resultados ao longo do m\u00eas. Na compara\u00e7\u00e3o com a \u00faltima apura\u00e7\u00e3o de julho (0,39%), a taxa \u00e9 0,07 ponto percentual menor. No acumulado do ano, o \u00edndice atingiu 5,22% e, nos \u00faltimos 12 meses, 8,48%.<\/p>\n<p>O levantamento \u00e9 feito pelo Instituto Brasileiro de Economia, da Funda\u00e7\u00e3o Getulio Vargas (Ibre\/FGV), em Recife, Salvador, Rio de Janeiro, S\u00e3o Paulo, Belo Horizonte, Bras\u00edlia e Porto Alegre.<\/p>\n<p>Dois dos sete grupos pesquisados apresentaram quedas: vestu\u00e1rio (de -0,06% para -0,12%) e despesas diversas (de 0,03% para -0,08%). Neste \u00faltimo, o resultado foi influenciado pelo custo dos bilhetes de loteria (de 2% para 0,0%).<\/p>\n<p>Outros quatro grupos tiveram reajustes inferiores aos registrados na terceira pr\u00e9via do m\u00eas com destaque para educa\u00e7\u00e3o (de 1,11% para 0,5%), sob o efeito dos ingressos para shows musicais que subiram mais devagar (de 12,02% para 6,53%).<\/p>\n<p>Em sa\u00fade e cuidados pessoais, o \u00edndice passou de 0,67% para 0,50% e, entre os principais motivos para essa perda na velocidade de alta, est\u00e3o os artigos de higiene e cuidado pessoal (de 1,57% para 0,62%). No grupo transportes houve eleva\u00e7\u00e3o de 0,11% ante 0,18% e, neste caso, ocorreu impacto da queda de pre\u00e7o da gasolina (de -0,01% para -0,64%).<\/p>\n<p>Telefones e alimenta\u00e7\u00e3o<\/p>\n<p>Em comunica\u00e7\u00e3o (de 0,32% para 0,16%), a redu\u00e7\u00e3o no ritmo de aumento foi causada pela tarifa de telefone m\u00f3vel (de 1,3% para 0,64%). No grupo alimenta\u00e7\u00e3o, houve pequena altera\u00e7\u00e3o para baixo (de 0,70% para 0,69%) e, entre os produtos com corre\u00e7\u00e3o mais lenta, est\u00e3o os latic\u00ednios (de 6,17% para 3,98%).<\/p>\n<p>J\u00e1 em habita\u00e7\u00e3o, o \u00fanico em alta acima da apura\u00e7\u00e3o passada (de 0,00% para 0,10%), foi constatada uma recupera\u00e7\u00e3o de pre\u00e7o da conta de luz com varia\u00e7\u00e3o de queda em n\u00edvel menor do que no \u00faltimo levantamento (de -1,42% para -1,14%).<\/p>\n<p>Os itens que mais pressionaram a infla\u00e7\u00e3o ao longo de agosto foram: refei\u00e7\u00f5es em bares e restaurantes (0,86%); leite tipo longa vida (4,33%); show musical (6,53%); plano e seguro de sa\u00fade (1,05%) e mam\u00e3o papaya (34,37%).<\/p>\n<p>Entre os que mais colaboraram para a desacelera\u00e7\u00e3o foram: a batata-inglesa (-12,62%); a tarifa de eletricidade residencial (-1,14%); a cebola (-23,82%); a alface (-11,06%) e a gasolina (-0,64%).<\/p>\n<p>Marli Moreira &#8211; Rep\u00f3rter da Ag\u00eancia Brasil<br \/>\nEdi\u00e7\u00e3o: Kleber Sampaio<br \/>\n02\/09\/2016<\/p>\n","protected":false},"excerpt":{"rendered":"<p>O \u00cdndice de Pre\u00e7os ao Consumidor Semanal (IPC-S) encerrou agosto com varia\u00e7\u00e3o de 0,32%, o que mostra desacelera\u00e7\u00e3o em rela\u00e7\u00e3o aos demais resultados ao longo do m\u00eas. Na compara\u00e7\u00e3o com a \u00faltima apura\u00e7\u00e3o de julho (0,39%), a taxa \u00e9 0,07 ponto percentual menor. No acumulado do ano, o \u00edndice atingiu 5,22% e, nos \u00faltimos 12 [&hellip;]<\/p>\n","protected":false},"author":2,"featured_media":38938,"comment_status":"open","ping_status":"closed","sticky":false,"template":"","format":"standard","meta":{"_genesis_hide_title":false,"_genesis_hide_breadcrumbs":false,"_genesis_hide_singular_image":false,"_genesis_hide_footer_widgets":false,"_genesis_custom_body_class":"","_genesis_custom_post_class":"","_genesis_layout":"","_jetpack_memberships_contains_paid_content":false,"footnotes":""},"categories":[22,7],"tags":[],"class_list":{"0":"post-94357","1":"post","2":"type-post","3":"status-publish","4":"format-standard","5":"has-post-thumbnail","7":"category-brasil","8":"category-economia","9":"entry","10":"gs-1","11":"gs-odd","12":"gs-even","13":"gs-featured-content-entry"},"jetpack_featured_media_url":"https:\/\/www.redenoticia.com.br\/noticia\/imagens\/economia1.jpg","jetpack_sharing_enabled":true,"jetpack_likes_enabled":true,"_links":{"self":[{"href":"https:\/\/www.redenoticia.com.br\/noticia\/wp-json\/wp\/v2\/posts\/94357","targetHints":{"allow":["GET"]}}],"collection":[{"href":"https:\/\/www.redenoticia.com.br\/noticia\/wp-json\/wp\/v2\/posts"}],"about":[{"href":"https:\/\/www.redenoticia.com.br\/noticia\/wp-json\/wp\/v2\/types\/post"}],"author":[{"embeddable":true,"href":"https:\/\/www.redenoticia.com.br\/noticia\/wp-json\/wp\/v2\/users\/2"}],"replies":[{"embeddable":true,"href":"https:\/\/www.redenoticia.com.br\/noticia\/wp-json\/wp\/v2\/comments?post=94357"}],"version-history":[{"count":0,"href":"https:\/\/www.redenoticia.com.br\/noticia\/wp-json\/wp\/v2\/posts\/94357\/revisions"}],"wp:featuredmedia":[{"embeddable":true,"href":"https:\/\/www.redenoticia.com.br\/noticia\/wp-json\/wp\/v2\/media\/38938"}],"wp:attachment":[{"href":"https:\/\/www.redenoticia.com.br\/noticia\/wp-json\/wp\/v2\/media?parent=94357"}],"wp:term":[{"taxonomy":"category","embeddable":true,"href":"https:\/\/www.redenoticia.com.br\/noticia\/wp-json\/wp\/v2\/categories?post=94357"},{"taxonomy":"post_tag","embeddable":true,"href":"https:\/\/www.redenoticia.com.br\/noticia\/wp-json\/wp\/v2\/tags?post=94357"}],"curies":[{"name":"wp","href":"https:\/\/api.w.org\/{rel}","templated":true}]}}