{"id":94355,"date":"2016-09-02T06:13:27","date_gmt":"2016-09-02T09:13:27","guid":{"rendered":"http:\/\/www.redenoticia.com.br\/noticia\/?p=94355"},"modified":"2016-09-01T21:14:19","modified_gmt":"2016-09-02T00:14:19","slug":"orcamento-preve-salario-minimo-de-r-94580-no-proximo-ano","status":"publish","type":"post","link":"https:\/\/www.redenoticia.com.br\/noticia\/2016\/orcamento-preve-salario-minimo-de-r-94580-no-proximo-ano\/94355","title":{"rendered":"Or\u00e7amento prev\u00ea sal\u00e1rio m\u00ednimo de R$ 945,80 no pr\u00f3ximo ano"},"content":{"rendered":"<p> O <strong><em>sal\u00e1rio m\u00ednimo<\/em><\/strong> para o ano que vem ficar\u00e1 em R$ 945,80, anunciou o ministro do Planejamento, Dyogo Oliveira. O valor consta do projeto do Or\u00e7amento Geral da Uni\u00e3o de 2017, enviado pelo governo ao Congresso Nacional. A proposta foi entregue por Oliveira e o ministro da Fazenda, Henrique Meirelles, ao presidente do Senado Federal, Renan Calheiros (PMDB-AL).<\/p>\n<p>Os demais par\u00e2metros para a economia no pr\u00f3ximo ano, que haviam sido divulgados pela equipe econ\u00f4mica no \u00faltimo dia 17, foram mantidos. A estimativa de infla\u00e7\u00e3o medida pelo \u00cdndice de Pre\u00e7os ao Consumidor Amplo (IPCA) ficou em 4,8% para 2017.<\/p>\n<p>A previs\u00e3o para o Produto Interno Bruto (PIB, soma dos bens e dos servi\u00e7os produzidos em um pa\u00eds) ficou em 1,6%. O projeto prev\u00ea taxa de c\u00e2mbio m\u00e9dia de R$ 3,40 no d\u00f3lar para o pr\u00f3ximo ano, contra R$ 3,50 em 2015, e de taxa Selic (juros b\u00e1sicos da economia) acumulada de 12,1% ao ano em 2017, contra 14% neste ano.<\/p>\n<p>Wellton M\u00e1ximo \u2013 Rep\u00f3rter da Ag\u00eancia Brasil<br \/>\nColaboraram Daniel Lima e Pedro Peduzzi<br \/>\nEdi\u00e7\u00e3o: Juliana Andrade<br \/>\n02\/09\/2016<\/p>\n","protected":false},"excerpt":{"rendered":"<p>O sal\u00e1rio m\u00ednimo para o ano que vem ficar\u00e1 em R$ 945,80, anunciou o ministro do Planejamento, Dyogo Oliveira. O valor consta do projeto do Or\u00e7amento Geral da Uni\u00e3o de 2017, enviado pelo governo ao Congresso Nacional. A proposta foi entregue por Oliveira e o ministro da Fazenda, Henrique Meirelles, ao presidente do Senado Federal, [&hellip;]<\/p>\n","protected":false},"author":2,"featured_media":57584,"comment_status":"open","ping_status":"closed","sticky":false,"template":"","format":"standard","meta":{"_genesis_hide_title":false,"_genesis_hide_breadcrumbs":false,"_genesis_hide_singular_image":false,"_genesis_hide_footer_widgets":false,"_genesis_custom_body_class":"","_genesis_custom_post_class":"","_genesis_layout":"","_jetpack_memberships_contains_paid_content":false,"footnotes":""},"categories":[22,7],"tags":[],"class_list":{"0":"post-94355","1":"post","2":"type-post","3":"status-publish","4":"format-standard","5":"has-post-thumbnail","7":"category-brasil","8":"category-economia","9":"entry","10":"gs-1","11":"gs-odd","12":"gs-even","13":"gs-featured-content-entry"},"jetpack_featured_media_url":"https:\/\/www.redenoticia.com.br\/noticia\/imagens\/economia-grafica-analise-inflacao.jpg","jetpack_sharing_enabled":true,"jetpack_likes_enabled":true,"_links":{"self":[{"href":"https:\/\/www.redenoticia.com.br\/noticia\/wp-json\/wp\/v2\/posts\/94355","targetHints":{"allow":["GET"]}}],"collection":[{"href":"https:\/\/www.redenoticia.com.br\/noticia\/wp-json\/wp\/v2\/posts"}],"about":[{"href":"https:\/\/www.redenoticia.com.br\/noticia\/wp-json\/wp\/v2\/types\/post"}],"author":[{"embeddable":true,"href":"https:\/\/www.redenoticia.com.br\/noticia\/wp-json\/wp\/v2\/users\/2"}],"replies":[{"embeddable":true,"href":"https:\/\/www.redenoticia.com.br\/noticia\/wp-json\/wp\/v2\/comments?post=94355"}],"version-history":[{"count":0,"href":"https:\/\/www.redenoticia.com.br\/noticia\/wp-json\/wp\/v2\/posts\/94355\/revisions"}],"wp:featuredmedia":[{"embeddable":true,"href":"https:\/\/www.redenoticia.com.br\/noticia\/wp-json\/wp\/v2\/media\/57584"}],"wp:attachment":[{"href":"https:\/\/www.redenoticia.com.br\/noticia\/wp-json\/wp\/v2\/media?parent=94355"}],"wp:term":[{"taxonomy":"category","embeddable":true,"href":"https:\/\/www.redenoticia.com.br\/noticia\/wp-json\/wp\/v2\/categories?post=94355"},{"taxonomy":"post_tag","embeddable":true,"href":"https:\/\/www.redenoticia.com.br\/noticia\/wp-json\/wp\/v2\/tags?post=94355"}],"curies":[{"name":"wp","href":"https:\/\/api.w.org\/{rel}","templated":true}]}}