{"id":94353,"date":"2016-09-02T06:12:08","date_gmt":"2016-09-02T09:12:08","guid":{"rendered":"http:\/\/www.redenoticia.com.br\/noticia\/?p=94353"},"modified":"2016-09-01T21:13:22","modified_gmt":"2016-09-02T00:13:22","slug":"governo-prorroga-ate-dezembro-prazo-para-saque-do-abono-salarial","status":"publish","type":"post","link":"https:\/\/www.redenoticia.com.br\/noticia\/2016\/governo-prorroga-ate-dezembro-prazo-para-saque-do-abono-salarial\/94353","title":{"rendered":"Governo prorroga at\u00e9 dezembro prazo para saque do abono salarial"},"content":{"rendered":"<p> O governo ampliou mais uma vez o prazo para saque do <strong><em>abono salarial<\/em><\/strong> (ano-base 2014). A data limite foi alterada para 31 de dezembro. A decis\u00e3o de ampliar o prazo foi tomada durante reuni\u00e3o do Conselho Deliberativo do Fundo de Amparo ao Trabalhador (FAT) presidida pelo ministro do Trabalho, Ronaldo Nogueira. O primeiro prazo havia vencido em 30 de junho e foi prorrogado at\u00e9 31 de agosto. Quase 1 milh\u00e3o de trabalhadores tem direito ao benef\u00edcio do PIS\/Pasep, ano-base 2014, no valor de R$ 880, informou o Minist\u00e9rio do Trabalho.<\/p>\n<p>\u201cFizemos intensa campanha na m\u00eddia e nas entidades laborais e patronais e, at\u00e9 esta data, foram pelo menos 200 mil trabalhadores que sacaram o abono, ap\u00f3s o prazo final de 30 de junho. Tenho certeza de que vamos alcan\u00e7ar uma boa fatia desse 1 milh\u00e3o de trabalhadores que ainda n\u00e3o sacaram com a amplia\u00e7\u00e3o do prazo para o final do ano\u201d, ressaltou o ministro por meio de sua assessoria.<\/p>\n<p>Quem tem direito<\/p>\n<p>Tem direito ao benef\u00edcio os empregados que receberam de empregadores que contribuem para o Programa de Integra\u00e7\u00e3o Social (PIS) ou para o Programa de Forma\u00e7\u00e3o do Patrim\u00f4nio do Servidor P\u00fablico (Pasep) at\u00e9 dois sal\u00e1rios m\u00ednimos m\u00e9dios de remunera\u00e7\u00e3o mensal; tenham exercido atividade remunerada pelo menos durante 30 dias no ano-base 2014; estejam cadastrados h\u00e1 pelo menos cinco anos e que tenham sido informados corretamente na Rela\u00e7\u00e3o Anual de Informa\u00e7\u00e3o Social (Rais).<\/p>\n<p>Consulta<\/p>\n<p>Para saber se tem direito ao abono, o trabalhador deve ligar para o n\u00famero 158, do Minist\u00e9rio do Trabalho. Tamb\u00e9m \u00e9 poss\u00edvel obter informa\u00e7\u00f5es na Caixa ou no Banco do Brasil, pelos n\u00fameros 0800 726 0207 e 0800 729 0001.<\/p>\n<p>Para consultar pela internet, \u00e9 preciso acessar o  e clicar no banner Abono Salarial, localizado na parte superior da tela. No local, \u00e9 poss\u00edvel visualizar a lista dos trabalhadores que ainda n\u00e3o fizeram o saque, dividida por estado e munic\u00edpio e em ordem alfab\u00e9tica. Outra alternativa \u00e9 ir direto ao site abonosalarial.mte.gov.br\/.<\/p>\n<p>Da Ag\u00eancia Brasil<br \/>\nEdi\u00e7\u00e3o: Gra\u00e7a Adjuto<br \/>\n02\/09\/2016<\/p>\n","protected":false},"excerpt":{"rendered":"<p>O governo ampliou mais uma vez o prazo para saque do abono salarial (ano-base 2014). A data limite foi alterada para 31 de dezembro. A decis\u00e3o de ampliar o prazo foi tomada durante reuni\u00e3o do Conselho Deliberativo do Fundo de Amparo ao Trabalhador (FAT) presidida pelo ministro do Trabalho, Ronaldo Nogueira. O primeiro prazo havia [&hellip;]<\/p>\n","protected":false},"author":2,"featured_media":28951,"comment_status":"open","ping_status":"closed","sticky":false,"template":"","format":"standard","meta":{"_genesis_hide_title":false,"_genesis_hide_breadcrumbs":false,"_genesis_hide_singular_image":false,"_genesis_hide_footer_widgets":false,"_genesis_custom_body_class":"","_genesis_custom_post_class":"","_genesis_layout":"","_jetpack_memberships_contains_paid_content":false,"footnotes":""},"categories":[22,7],"tags":[],"class_list":{"0":"post-94353","1":"post","2":"type-post","3":"status-publish","4":"format-standard","5":"has-post-thumbnail","7":"category-brasil","8":"category-economia","9":"entry","10":"gs-1","11":"gs-odd","12":"gs-even","13":"gs-featured-content-entry"},"jetpack_featured_media_url":"https:\/\/www.redenoticia.com.br\/noticia\/imagens\/concurso-inscricao-vagas-ate.jpg","jetpack_sharing_enabled":true,"jetpack_likes_enabled":true,"_links":{"self":[{"href":"https:\/\/www.redenoticia.com.br\/noticia\/wp-json\/wp\/v2\/posts\/94353","targetHints":{"allow":["GET"]}}],"collection":[{"href":"https:\/\/www.redenoticia.com.br\/noticia\/wp-json\/wp\/v2\/posts"}],"about":[{"href":"https:\/\/www.redenoticia.com.br\/noticia\/wp-json\/wp\/v2\/types\/post"}],"author":[{"embeddable":true,"href":"https:\/\/www.redenoticia.com.br\/noticia\/wp-json\/wp\/v2\/users\/2"}],"replies":[{"embeddable":true,"href":"https:\/\/www.redenoticia.com.br\/noticia\/wp-json\/wp\/v2\/comments?post=94353"}],"version-history":[{"count":0,"href":"https:\/\/www.redenoticia.com.br\/noticia\/wp-json\/wp\/v2\/posts\/94353\/revisions"}],"wp:featuredmedia":[{"embeddable":true,"href":"https:\/\/www.redenoticia.com.br\/noticia\/wp-json\/wp\/v2\/media\/28951"}],"wp:attachment":[{"href":"https:\/\/www.redenoticia.com.br\/noticia\/wp-json\/wp\/v2\/media?parent=94353"}],"wp:term":[{"taxonomy":"category","embeddable":true,"href":"https:\/\/www.redenoticia.com.br\/noticia\/wp-json\/wp\/v2\/categories?post=94353"},{"taxonomy":"post_tag","embeddable":true,"href":"https:\/\/www.redenoticia.com.br\/noticia\/wp-json\/wp\/v2\/tags?post=94353"}],"curies":[{"name":"wp","href":"https:\/\/api.w.org\/{rel}","templated":true}]}}