{"id":9429,"date":"2009-08-22T19:31:16","date_gmt":"2009-08-22T23:31:16","guid":{"rendered":"http:\/\/www.redenoticia.com.br\/noticia\/?p=9429"},"modified":"2009-08-22T19:31:16","modified_gmt":"2009-08-22T23:31:16","slug":"vacina-13-valente-sera-ainda-mais-completa-na-prevencao-as-doencas-pneumococicas","status":"publish","type":"post","link":"https:\/\/www.redenoticia.com.br\/noticia\/2009\/vacina-13-valente-sera-ainda-mais-completa-na-prevencao-as-doencas-pneumococicas\/9429","title":{"rendered":"Vacina 13-Valente ser\u00e1 ainda mais completa na preven\u00e7\u00e3o \u00e0s doen\u00e7as pneumoc\u00f3cicas"},"content":{"rendered":"<p>A Wyeth Ind\u00fastria Farmac\u00eautica aguarda para este ano a aprova\u00e7\u00e3o pela Anvisa, Ag\u00eancia Nacional de Vigil\u00e2ncia Sanit\u00e1ria, da vacina pneumoc\u00f3cica conjugada 13-valente (VPC 13). Nova vers\u00e3o da vacina pneumoc\u00f3cica conjugada 7-valente, internacionalmente conhecida como Prevenar, e a primeira a prevenir contra as doen\u00e7as pneumoc\u00f3cicas, a 13-valente ser\u00e1 ainda mais completa, garantindo 100% de cobertura aos sorotipos (tipos da bact\u00e9ria pneumococo) resistentes aos antibi\u00f3ticos utilizados no tratamento da meningite e pneumonia.<\/p>\n<p>A vacina pneumoc\u00f3cica conjugada 7-valente est\u00e1 no mercado mundial h\u00e1 nove anos e presente em cerca de 90 pa\u00edses. Mais de 300 milh\u00f5es de doses dessa vacina j\u00e1 foram consumidas em todo o mundo. Al\u00e9m da comprovada seguran\u00e7a, a vacina pneumoc\u00f3cica conjugada 7-valente tamb\u00e9m \u00e9 a \u00fanica dispon\u00edvel atualmente dentro dos par\u00e2metros determinados pela Organiza\u00e7\u00e3o Mundial de Sa\u00fade (OMS) para garantir a efic\u00e1cia de uma vacina na preven\u00e7\u00e3o \u00e0s doen\u00e7as pneumoc\u00f3cicas.<\/p>\n<p>No mercado brasileiro desde 2001, a vacina pneumoc\u00f3cica conjugada 7-valente previne contra as doen\u00e7as pneumoc\u00f3cicas (pneumonia, meningite, otite m\u00e9dia aguda, septicemia e bacteremia). A vacina reduziu 65% das pneumonias pneumoc\u00f3cicas em menores de 2 anos e 73% entre 2 e 5 anos. Al\u00e9m disso, teve impacto na redu\u00e7\u00e3o de 30% das pneumonias de pessoas entre 18 e 39 anos (prov\u00e1veis pais destas crian\u00e7as) e de 20% nos acima de 65 anos (prov\u00e1veis av\u00f3s destas crian\u00e7as), ressaltando que estes dois \u00faltimos grupos et\u00e1rios n\u00e3o foram vacinados, mas se beneficiaram da vacina\u00e7\u00e3o das crian\u00e7as (efeito de grupo). A vacina pneumoc\u00f3cica conjugada 7-valente oferece este tipo de prote\u00e7\u00e3o e garante tamb\u00e9m a imunidade de grupo (quando uma vacina protege n\u00e3o apenas a pessoa imunizada, mas estende a prote\u00e7\u00e3o para outras pessoas da comunidade n\u00e3o vacinadas).<\/p>\n<p>As doen\u00e7as pneumoc\u00f3cicas j\u00e1 s\u00e3o consideradas pela Organiza\u00e7\u00e3o Mundial de Sa\u00fade as que mais matam crian\u00e7as menores de cinco anos entre as doen\u00e7as que podem ser prevenidas por meio da vacina\u00e7\u00e3o. Hoje a vacina pneumoc\u00f3cica 7-valente est\u00e1 nos calend\u00e1rios vacinais de rotina de 39 pa\u00edses.<\/p>\n<p>Em alguns pa\u00edses que j\u00e1 incorporaram a vacina pneumoc\u00f3cica conjugada 7-valente em seus calend\u00e1rios de rotina, caso de Israel, a vacina poder\u00e1 ser automaticamente substitu\u00edda pela 13-valente. &#8220;Isso acontecer\u00e1 porque as duas vacinas s\u00e3o intercambi\u00e1veis, ou seja, a crian\u00e7a j\u00e1 vacinada com a 7-valente poder\u00e1 completar o esquema de vacina\u00e7\u00e3o com a 13-valente, ficando ainda mais protegida. O mesmo n\u00e3o acontecer\u00e1 com outra vacina pneumoc\u00f3cica&#8221;, explica a pediatra J\u00e9ssica Presa, gerente m\u00e9dica da Unidade de Vacinas da Wyeth Ind\u00fastria Farmac\u00eautica.<\/p>\n<p>Ainda mais completa<br \/>\nA VPC 13 vai prevenir contra os 13 sorotipos da bact\u00e9ria, incluindo os sorotipos 4, 6B, 9V, 14, 18C, 19F e 23F (j\u00e1 contidos na vacina pneumoc\u00f3cica conjugada 7-valente) e mais 6 sorotipos (1, 3, 5 ,6A, 7F e 19A), que afetam seriamente a sa\u00fade de crian\u00e7as e s\u00e3o respons\u00e1veis por mortes, sequelas e hospitaliza\u00e7\u00f5es no Brasil.<\/p>\n<p>Lidia Andreatta<br \/>\nGerente de Comunica\u00e7\u00e3o e Rela\u00e7\u00f5es P\u00fablicas<br \/>\nWyeth Ind\u00fastria Farmac\u00eautica<\/p>\n","protected":false},"excerpt":{"rendered":"<p>A Wyeth Ind\u00fastria Farmac\u00eautica aguarda para este ano a aprova\u00e7\u00e3o pela Anvisa, Ag\u00eancia Nacional de Vigil\u00e2ncia Sanit\u00e1ria, da vacina pneumoc\u00f3cica conjugada 13-valente (VPC 13). Nova vers\u00e3o da vacina pneumoc\u00f3cica conjugada 7-valente, internacionalmente conhecida como Prevenar, e a primeira a prevenir contra as doen\u00e7as pneumoc\u00f3cicas, a 13-valente ser\u00e1 ainda mais completa, garantindo 100% de cobertura aos [&hellip;]<\/p>\n","protected":false},"author":3,"featured_media":0,"comment_status":"open","ping_status":"open","sticky":false,"template":"","format":"standard","meta":{"_genesis_hide_title":false,"_genesis_hide_breadcrumbs":false,"_genesis_hide_singular_image":false,"_genesis_hide_footer_widgets":false,"_genesis_custom_body_class":"","_genesis_custom_post_class":"","_genesis_layout":"","_jetpack_memberships_contains_paid_content":false,"footnotes":""},"categories":[22,5],"tags":[],"class_list":{"0":"post-9429","1":"post","2":"type-post","3":"status-publish","4":"format-standard","6":"category-brasil","7":"category-saude-e-vida","8":"entry","9":"gs-1","10":"gs-odd","11":"gs-even","12":"gs-featured-content-entry"},"jetpack_featured_media_url":"","jetpack_sharing_enabled":true,"jetpack_likes_enabled":true,"_links":{"self":[{"href":"https:\/\/www.redenoticia.com.br\/noticia\/wp-json\/wp\/v2\/posts\/9429","targetHints":{"allow":["GET"]}}],"collection":[{"href":"https:\/\/www.redenoticia.com.br\/noticia\/wp-json\/wp\/v2\/posts"}],"about":[{"href":"https:\/\/www.redenoticia.com.br\/noticia\/wp-json\/wp\/v2\/types\/post"}],"author":[{"embeddable":true,"href":"https:\/\/www.redenoticia.com.br\/noticia\/wp-json\/wp\/v2\/users\/3"}],"replies":[{"embeddable":true,"href":"https:\/\/www.redenoticia.com.br\/noticia\/wp-json\/wp\/v2\/comments?post=9429"}],"version-history":[{"count":0,"href":"https:\/\/www.redenoticia.com.br\/noticia\/wp-json\/wp\/v2\/posts\/9429\/revisions"}],"wp:attachment":[{"href":"https:\/\/www.redenoticia.com.br\/noticia\/wp-json\/wp\/v2\/media?parent=9429"}],"wp:term":[{"taxonomy":"category","embeddable":true,"href":"https:\/\/www.redenoticia.com.br\/noticia\/wp-json\/wp\/v2\/categories?post=9429"},{"taxonomy":"post_tag","embeddable":true,"href":"https:\/\/www.redenoticia.com.br\/noticia\/wp-json\/wp\/v2\/tags?post=9429"}],"curies":[{"name":"wp","href":"https:\/\/api.w.org\/{rel}","templated":true}]}}