{"id":94228,"date":"2016-09-01T06:32:03","date_gmt":"2016-09-01T09:32:03","guid":{"rendered":"http:\/\/www.redenoticia.com.br\/noticia\/?p=94228"},"modified":"2016-08-31T20:34:04","modified_gmt":"2016-08-31T23:34:04","slug":"contas-publicas-ficam-negativas-em-r-128-bi-em-julho","status":"publish","type":"post","link":"https:\/\/www.redenoticia.com.br\/noticia\/2016\/contas-publicas-ficam-negativas-em-r-128-bi-em-julho\/94228","title":{"rendered":"Contas p\u00fablicas ficam negativas em R$ 12,8 bi em julho"},"content":{"rendered":"<p> O setor p\u00fablico consolidado, formado por Uni\u00e3o, estados e munic\u00edpios, registrou <strong><em>d\u00e9ficit prim\u00e1rio<\/em><\/strong>, receitas menos despesas, sem considerar os gastos com juros, de R$ 12,816 bilh\u00f5es, em julho, informou o Banco Central (BC). Esse foi o pior resultado para o m\u00eas na s\u00e9rie hist\u00f3rica, iniciada em dezembro de 2001. O resultado do m\u00eas superou o d\u00e9ficit prim\u00e1rio de R$ 10,019 bilh\u00f5es registrados em julho de 2015.<\/p>\n<p>Nos sete meses do ano, o resultado negativo chegou a R$ 35,592 bilh\u00f5es, contra super\u00e1vit de R$ 6,205 bilh\u00f5es, em igual per\u00edodo de 2015.<\/p>\n<p>Em 12 meses encerrados em julho, o d\u00e9ficit prim\u00e1rio ficou em R$ 154,046 bilh\u00f5es, o que corresponde a 2,54% do Produto Interno Bruto (PIB), soma de todos os bens e servi\u00e7os produzidos no pa\u00eds.<\/p>\n<p> Em julho deste ano, o Governo Central (Previd\u00eancia, Banco Central e Tesouro Nacional) registrou d\u00e9ficit prim\u00e1rio de R$ 11,853 bilh\u00f5es. Os governos estaduais tamb\u00e9m apresentaram resultado negativo, com d\u00e9ficit prim\u00e1rio de R$ 283 milh\u00f5es, e os municipais, de R$ 51 milh\u00f5es. As empresas estatais federais, estaduais e municipais, exclu\u00eddas empresas dos grupos Petrobras e Eletrobras, registraram d\u00e9ficit prim\u00e1rio de R$ 629 milh\u00f5es, no m\u00eas passado.<\/p>\n<p>Segundo o chefe do Departamento Econ\u00f4mico do BC, Tulio Maciel, os resultados negativos s\u00e3o explicados pela retra\u00e7\u00e3o da economia, o que leva \u00e0 queda na arrecada\u00e7\u00e3o de tributos. Maciel destacou que, nesse cen\u00e1rio, h\u00e1 um descompasso entre receitas e despesas. De janeiro a julho, enquanto as despesas cresceram 3%, as receitas ca\u00edram 5,2%, na compara\u00e7\u00e3o com igual per\u00edodo de 2015. \u201cEsse descompasso na evolu\u00e7\u00e3o desses dois fluxos vem ocorrendo h\u00e1 algum tempo\u201d, disse.<\/p>\n<p>A meta fiscal que prev\u00ea um d\u00e9ficit prim\u00e1rio de at\u00e9 R$ 163,9 bilh\u00f5es nas contas p\u00fablicas, este ano. Para chegar a esse resultado do setor p\u00fablico consolidado, a expectativa \u00e9 que o governo apresente d\u00e9ficit prim\u00e1rio de R$ 170,496 bilh\u00f5es e estados e munic\u00edpios, um super\u00e1vit de R$ 6,554 bilh\u00f5es.<\/p>\n<p>Em julho, os gastos com de juros nominais ficaram em R$ 40,587 bilh\u00f5es, contra R$ 62,753 bilh\u00f5es em igual m\u00eas de 2015. De janeiro a julho, os gastos chegaram a R$ 213,899 bilh\u00f5es. Em 12 meses encerrados em julho, as despesas com juros ficaram em R$ 427,062 bilh\u00f5es, o que corresponde a 7,04% do PIB.<\/p>\n<p>O d\u00e9ficit nominal, formado pelo resultado prim\u00e1rio e os resultados de juros, ficou em R$ 53,403 bilh\u00f5es, no m\u00eas passado, ante R$ 72,772 bilh\u00f5es registrados em julho de 2015. Nos sete meses do ano, o resultado negativo ficou em R$ 250,491 bilh\u00f5es, contra R$ 282,418 bilh\u00f5es em igual per\u00edodo de 2015. Em 12 meses encerrados em julho, o d\u00e9ficit nominal ficou em R$ 581,108 bilh\u00f5es, o que corresponde a 9,58% do PIB.<\/p>\n<p>A d\u00edvida l\u00edquida do setor p\u00fablico (balan\u00e7o entre o total de cr\u00e9ditos e d\u00e9bitos dos governos federal, estaduais e municipais) chegou a R$ 2,571 trilh\u00f5es, em julho, o que corresponde a 42,4% do PIB, alta de 0,4 pontos percentuais em rela\u00e7\u00e3o a junho. A d\u00edvida bruta (contabiliza apenas os passivos dos governos federal, estaduais e municipais) chegou a R$ 4,214 trilh\u00f5es ou 69,5% do PIB, com eleva\u00e7\u00e3o de 1 ponto percentual em rela\u00e7\u00e3o a junho.<\/p>\n<p>Kelly Oliveira \u2013 Rep\u00f3rter da Ag\u00eancia Brasil<br \/>\nEdi\u00e7\u00e3o: Maria Claudia<br \/>\n01\/09\/2016 <\/p>\n","protected":false},"excerpt":{"rendered":"<p>O setor p\u00fablico consolidado, formado por Uni\u00e3o, estados e munic\u00edpios, registrou d\u00e9ficit prim\u00e1rio, receitas menos despesas, sem considerar os gastos com juros, de R$ 12,816 bilh\u00f5es, em julho, informou o Banco Central (BC). Esse foi o pior resultado para o m\u00eas na s\u00e9rie hist\u00f3rica, iniciada em dezembro de 2001. O resultado do m\u00eas superou o [&hellip;]<\/p>\n","protected":false},"author":2,"featured_media":57583,"comment_status":"open","ping_status":"closed","sticky":false,"template":"","format":"standard","meta":{"_genesis_hide_title":false,"_genesis_hide_breadcrumbs":false,"_genesis_hide_singular_image":false,"_genesis_hide_footer_widgets":false,"_genesis_custom_body_class":"","_genesis_custom_post_class":"","_genesis_layout":"","_jetpack_memberships_contains_paid_content":false,"footnotes":""},"categories":[22,7],"tags":[],"class_list":{"0":"post-94228","1":"post","2":"type-post","3":"status-publish","4":"format-standard","5":"has-post-thumbnail","7":"category-brasil","8":"category-economia","9":"entry","10":"gs-1","11":"gs-odd","12":"gs-even","13":"gs-featured-content-entry"},"jetpack_featured_media_url":"https:\/\/www.redenoticia.com.br\/noticia\/imagens\/economia-grafico.jpg","jetpack_sharing_enabled":true,"jetpack_likes_enabled":true,"_links":{"self":[{"href":"https:\/\/www.redenoticia.com.br\/noticia\/wp-json\/wp\/v2\/posts\/94228","targetHints":{"allow":["GET"]}}],"collection":[{"href":"https:\/\/www.redenoticia.com.br\/noticia\/wp-json\/wp\/v2\/posts"}],"about":[{"href":"https:\/\/www.redenoticia.com.br\/noticia\/wp-json\/wp\/v2\/types\/post"}],"author":[{"embeddable":true,"href":"https:\/\/www.redenoticia.com.br\/noticia\/wp-json\/wp\/v2\/users\/2"}],"replies":[{"embeddable":true,"href":"https:\/\/www.redenoticia.com.br\/noticia\/wp-json\/wp\/v2\/comments?post=94228"}],"version-history":[{"count":0,"href":"https:\/\/www.redenoticia.com.br\/noticia\/wp-json\/wp\/v2\/posts\/94228\/revisions"}],"wp:featuredmedia":[{"embeddable":true,"href":"https:\/\/www.redenoticia.com.br\/noticia\/wp-json\/wp\/v2\/media\/57583"}],"wp:attachment":[{"href":"https:\/\/www.redenoticia.com.br\/noticia\/wp-json\/wp\/v2\/media?parent=94228"}],"wp:term":[{"taxonomy":"category","embeddable":true,"href":"https:\/\/www.redenoticia.com.br\/noticia\/wp-json\/wp\/v2\/categories?post=94228"},{"taxonomy":"post_tag","embeddable":true,"href":"https:\/\/www.redenoticia.com.br\/noticia\/wp-json\/wp\/v2\/tags?post=94228"}],"curies":[{"name":"wp","href":"https:\/\/api.w.org\/{rel}","templated":true}]}}