{"id":94222,"date":"2016-09-01T06:25:29","date_gmt":"2016-09-01T09:25:29","guid":{"rendered":"http:\/\/www.redenoticia.com.br\/noticia\/?p=94222"},"modified":"2016-08-31T20:26:33","modified_gmt":"2016-08-31T23:26:33","slug":"obras-ampliam-abastecimento-de-agua-em-sao-paulo","status":"publish","type":"post","link":"https:\/\/www.redenoticia.com.br\/noticia\/2016\/obras-ampliam-abastecimento-de-agua-em-sao-paulo\/94222","title":{"rendered":"Obras ampliam abastecimento de \u00e1gua em S\u00e3o Paulo"},"content":{"rendered":"<p> Para ampliar e garantir o <strong><em>abastecimento de \u00e1gua<\/em><\/strong> para a popula\u00e7\u00e3o, o Governo do Estado de S\u00e3o Paulo inaugurou nesta duas grandes obras, especialmente para os moradores do ABC, zonas Sul e Leste da capital, e munic\u00edpios do Alto Tiet\u00ea. <\/p>\n<p>A primeira delas, em S\u00e3o Bernardo do Campo, a obra de interliga\u00e7\u00e3o de dois bra\u00e7os da represa Billings, formados pelos Rios Pequeno e Rio Grande, ter\u00e1 vaz\u00e3o de 4 mil litros de \u00e1gua por segundo, podendo ser ampliada de acordo com a quantidade de chuvas.<\/p>\n<p> Nessa obra de 1,2 quil\u00f4metros de extens\u00e3o, a Sabesp investiu R$ 20 milh\u00f5es. Ser\u00e3o beneficiadas a popula\u00e7\u00e3o do ABC, das zonas Leste e Sul de S\u00e3o Paulo, e munic\u00edpios do Alto Tiet\u00ea. Os destaques da obra, segundo o governador, s\u00e3o os cuidados com a preserva\u00e7\u00e3o ambiental e o sistema de bombeamento utilizado. &#8220;Essas bombas flutuantes s\u00e3o uma inova\u00e7\u00e3o da Sabesp e o sistema de bombeamento s\u00f3 era usado em minera\u00e7\u00e3o. Ent\u00e3o, a engenharia o adaptou e fez um trabalho impressionante e r\u00e1pido&#8221;, disse.<\/p>\n<p> Tecnologia<br \/>\nO sistema de bombeamento implantado permite superar um desn\u00edvel de 11 metros existente entre os dois rios. A \u00e1gua captada ser\u00e1 levada at\u00e9 a Esta\u00e7\u00e3o de Tratamento de \u00c1gua do Rio Grande, que abastece a popula\u00e7\u00e3o do ABC ou bombeada novamente para a represa Taia\u00e7uteba, no Alto Tiet\u00ea. L\u00e1 receber\u00e1 tratamento e ser\u00e1 distribu\u00edda para as resid\u00eancias, pr\u00e9dios, com\u00e9rcio e ind\u00fastria.<\/p>\n<p> Inaugura\u00e7\u00e3o de reservat\u00f3rio met\u00e1lico em S\u00e3o Bernardo do Campo<br \/>\nCerca de 91 mil moradores foram beneficiados com a segunda importante obra de abastecimento inaugurada pelo governador Geraldo Alckmin. O novo reservat\u00f3rio met\u00e1lico, localizado no Bairro de Alvarenga, em S\u00e3o Bernardo do Campo, ir\u00e1 ampliar a capacidade de armazenamento de \u00e1gua em 15 milh\u00f5es de litros para bairros dos munic\u00edpios vizinhos. Foram investidos R$ 14 milh\u00f5es na infraestrutura.<\/p>\n<p> No Estado de S\u00e3o Paulo, j\u00e1 s\u00e3o 23 equipamentos desse tipo em opera\u00e7\u00e3o, desde a crise hidr\u00edca decorrente do per\u00edodo de estiagem, no in\u00edcio de 2014. A capacidade de armazenamento atual do sistema \u00e9 de 156,5 milh\u00f5es de litros. Ainda em 2016, ser\u00e3o inaugurados mais dois reservat\u00f3rios, em Itapecerica, com volume de 2,5 milh\u00f5es de \u00e1gua, e Ribeir\u00e3o Preto, com capacidade para armazenar 5 milh\u00f5es de litros de \u00e1gua.<\/p>\n<p> Do Portal do Governo do Estado SP<\/p>\n","protected":false},"excerpt":{"rendered":"<p>Para ampliar e garantir o abastecimento de \u00e1gua para a popula\u00e7\u00e3o, o Governo do Estado de S\u00e3o Paulo inaugurou nesta duas grandes obras, especialmente para os moradores do ABC, zonas Sul e Leste da capital, e munic\u00edpios do Alto Tiet\u00ea. A primeira delas, em S\u00e3o Bernardo do Campo, a obra de interliga\u00e7\u00e3o de dois bra\u00e7os [&hellip;]<\/p>\n","protected":false},"author":2,"featured_media":34905,"comment_status":"open","ping_status":"closed","sticky":false,"template":"","format":"standard","meta":{"_genesis_hide_title":false,"_genesis_hide_breadcrumbs":false,"_genesis_hide_singular_image":false,"_genesis_hide_footer_widgets":false,"_genesis_custom_body_class":"","_genesis_custom_post_class":"","_genesis_layout":"","_jetpack_memberships_contains_paid_content":false,"footnotes":""},"categories":[22],"tags":[],"class_list":{"0":"post-94222","1":"post","2":"type-post","3":"status-publish","4":"format-standard","5":"has-post-thumbnail","7":"category-brasil","8":"entry","9":"gs-1","10":"gs-odd","11":"gs-even","12":"gs-featured-content-entry"},"jetpack_featured_media_url":"https:\/\/www.redenoticia.com.br\/noticia\/imagens\/codigo-florestal.jpg","jetpack_sharing_enabled":true,"jetpack_likes_enabled":true,"_links":{"self":[{"href":"https:\/\/www.redenoticia.com.br\/noticia\/wp-json\/wp\/v2\/posts\/94222","targetHints":{"allow":["GET"]}}],"collection":[{"href":"https:\/\/www.redenoticia.com.br\/noticia\/wp-json\/wp\/v2\/posts"}],"about":[{"href":"https:\/\/www.redenoticia.com.br\/noticia\/wp-json\/wp\/v2\/types\/post"}],"author":[{"embeddable":true,"href":"https:\/\/www.redenoticia.com.br\/noticia\/wp-json\/wp\/v2\/users\/2"}],"replies":[{"embeddable":true,"href":"https:\/\/www.redenoticia.com.br\/noticia\/wp-json\/wp\/v2\/comments?post=94222"}],"version-history":[{"count":0,"href":"https:\/\/www.redenoticia.com.br\/noticia\/wp-json\/wp\/v2\/posts\/94222\/revisions"}],"wp:featuredmedia":[{"embeddable":true,"href":"https:\/\/www.redenoticia.com.br\/noticia\/wp-json\/wp\/v2\/media\/34905"}],"wp:attachment":[{"href":"https:\/\/www.redenoticia.com.br\/noticia\/wp-json\/wp\/v2\/media?parent=94222"}],"wp:term":[{"taxonomy":"category","embeddable":true,"href":"https:\/\/www.redenoticia.com.br\/noticia\/wp-json\/wp\/v2\/categories?post=94222"},{"taxonomy":"post_tag","embeddable":true,"href":"https:\/\/www.redenoticia.com.br\/noticia\/wp-json\/wp\/v2\/tags?post=94222"}],"curies":[{"name":"wp","href":"https:\/\/api.w.org\/{rel}","templated":true}]}}