{"id":94189,"date":"2016-08-31T17:08:44","date_gmt":"2016-08-31T20:08:44","guid":{"rendered":"http:\/\/www.redenoticia.com.br\/noticia\/?p=94189"},"modified":"2016-08-31T17:08:44","modified_gmt":"2016-08-31T20:08:44","slug":"saiba-como-votou-cada-senador-no-julgamento-final-do-impeachment","status":"publish","type":"post","link":"https:\/\/www.redenoticia.com.br\/noticia\/2016\/saiba-como-votou-cada-senador-no-julgamento-final-do-impeachment\/94189","title":{"rendered":"Saiba como votou cada senador no julgamento final do impeachment"},"content":{"rendered":"<p> Por 61 votos a 20, o plen\u00e1rio do Senado condenou a presidenta Dilma Rousseff por crime de responsabilidade, em sess\u00e3o com mais de 2 horas de dura\u00e7\u00e3o. Com isso, a petista ser\u00e1 definitivamente afastada de seu cargo. Pela segunda vez na hist\u00f3ria do Brasil, uma figura pol\u00edtica \u00e9 destitu\u00edda da Presid\u00eancia da Rep\u00fablica por meio do <strong><em>impeachment<\/em><\/strong>. N\u00e3o houve absten\u00e7\u00f5es.<\/p>\n<p> O processo teve fim nove meses ap\u00f3s a autoriza\u00e7\u00e3o da abertura do processo pelo deputado Eduardo Cunha (PMDB-RJ). A vota\u00e7\u00e3o decisiva, comandada pelo presidente do Supremo Tribunal Federal (STF), Ricardo Lewandowski, foi aberta, nominal e por registro eletr\u00f4nico. <\/p>\n<p>Lewandowski reabriu a sess\u00e3o \u00e0s 11h15, com a leitura do relat\u00f3rio resumido sobre o processo. &#8220;\u00c9 um resumo de tudo o que aconteceu at\u00e9 o momento, inclusive os argumentos da acusa\u00e7\u00e3o e da defesa&#8221;, disse o ministro que anunciou um &#8220;brevissimo resumo do que importa&#8221;.<\/p>\n<p>No documento, o ministro listou provas e os principais argumentos que foram apresentados ao longo dos \u00faltimos dias pela acusa\u00e7\u00e3o e pela defesa. Ap\u00f3s quase 70 horas de julgamento, iniciado na \u00faltima quinta-feira (25), foram ouvidos, al\u00e9m da pr\u00f3pria representada, parlamentares, testemunhas e os advogados das duas partes.<\/p>\n<p>Confira como cada senador votou no impeachment ( Parlamentar\/Partido\/UF\/Voto):  <\/p>\n<p>Acir Gurgacz PDT R Sim<br \/>\nA\u00e9cio Neves PSDB MG Sim<br \/>\nAloysio Nunes Ferreira PSDB SP Sim<br \/>\nAlvaro Dias PV PR Sim<br \/>\nAna Am\u00e9lia PP RS Sim<br \/>\nAngela Portela PT RR N\u00e3o<br \/>\nAntonio Anastasia PSDB MG Sim<br \/>\nAnt\u00f4nio Carlos Valadares PSB SE Sim<br \/>\nArmando Monteiro PTB PE N\u00e3o<br \/>\nAta\u00eddes Oliveira PSDB TO Sim<br \/>\nBenedito de Lira PP AL Sim<br \/>\nC\u00e1ssio Cunha Lima PSDB PB Sim<br \/>\nCidinho Santos PR MT Sim<br \/>\nCiro Nogueira PP PI Sim<br \/>\nCristovam Buarque PPS DF Sim<br \/>\nDal\u00edrio Beber PSDB SC Sim<br \/>\nD\u00e1rio Berger PMDB SC Sim<br \/>\nDavi Alcolumbre DEM AP Sim<br \/>\nEdison Lob\u00e3o PMDB MA Sim<br \/>\nEduardo Amorim PSC SE Sim<br \/>\nEduardo Braga PMDB AM Sim<br \/>\nEduardo Lopes PRB RJ Sim<br \/>\nElmano F\u00e9rrer PTB PI N\u00e3o<br \/>\nEun\u00edcio Oliveira PMDB CE Sim<br \/>\nF\u00e1tima Bezerra PT RN N\u00e3o<br \/>\nFernando Bezerra Coelho\tPSB PE Sim<br \/>\nFernando Collor\tPTC AL Sim<br \/>\nFlexa Ribeiro PSDB PA Sim<br \/>\nGaribaldi Alves Filho PMDB RN Sim<br \/>\nGladson Cameli PP AC Sim<br \/>\nGleisi Hoffmann PT PR N\u00e3o<br \/>\nHelio Jos\u00e9 PMDB\tDF Sim<br \/>\nHumberto Costa PT PE N\u00e3o<br \/>\nIvo Cassol PP RO Sim<br \/>\nJader Barbalho PMDB PA Sim<br \/>\nJo\u00e3o Alberto Souza PMDB MA Sim<br \/>\nJo\u00e3o Capiberibe PSB AP N\u00e3o<br \/>\nJorge Viana PT AC N\u00e3o<br \/>\nJos\u00e9 Agripino DEM RN Sim<br \/>\nJos\u00e9 Anibal PSDB SP Sim<br \/>\nJos\u00e9 Maranh\u00e3o PMDB PB Sim<br \/>\nJos\u00e9 Medeiros PSD MT Sim<br \/>\nJos\u00e9 Pimentel PT CE N\u00e3o<br \/>\nK\u00e1tia Abreu PMDB TO N\u00e3o<br \/>\nLasier Martins PDT RS Sim<br \/>\nL\u00eddice da Mata PSB BA N\u00e3o<br \/>\nLindbergh Farias PT RJ N\u00e3o<br \/>\nL\u00facia V\u00e2nia PSB GO Sim<br \/>\nMagno Malta PR ES Sim<br \/>\nMaria do Carmo Alves DEM SE Sim<br \/>\nMarta Suplicy PMDB SP Sim<br \/>\nOmar Aziz PSD AM Sim<br \/>\nOtto Alencar PSD BA N\u00e3o<br \/>\nPaulo Bauer PSDB SC Sim<br \/>\nPaulo Paim PT RS N\u00e3o<br \/>\nPaulo Rocha PT PA N\u00e3o<br \/>\nPedro Chaves PSC MS Sim<br \/>\nRaimundo Lira PMDB PB Sim<br \/>\nRandolfe Rodrigues REDE AP N\u00e3o<br \/>\nRegina Sousa PT PI N\u00e3o<br \/>\nReguffe\tsem partido DF Sim<br \/>\nRenan Calheiros\tPMDB AL Sim<br \/>\nRicardo Ferra\u00e7o\tPSDB ES Sim<br \/>\nRoberto Muniz PP BA N\u00e3o<br \/>\nRoberto Requi\u00e3o PMDB PR N\u00e3o<br \/>\nRoberto Rocha PSB MA Sim<br \/>\nRomario\tPSB RJ Sim<br \/>\nRomero Juc\u00e1 PMDB RR Sim<br \/>\nRonaldo Caiado DEM GO Sim<br \/>\nRose de Freitas PMDB ES Sim<br \/>\nS\u00e9rgio Petec\u00e3o PSD AC Sim<br \/>\nSimone Tebet PMDB MS Sim<br \/>\nTasso Jereissati PSDB CE Sim<br \/>\nTelm\u00e1rio Mota PDT RR Sim<br \/>\nValdir Raupp PMDB RO Sim<br \/>\nVanessa Grazziotin PC do B AM N\u00e3o<br \/>\nVicentinho Alves PR TO Sim<br \/>\nWaldemir Moka PMDB MS Sim<br \/>\nWellington Fagundes PR MT Sim<br \/>\nWilder Morais PP GO Sim<br \/>\nZez\u00e9 Perrella PTB MG Sim<\/p>\n<p>Do Portal EBC<br \/>\nEdi\u00e7\u00e3o: Juliana Andrade<br \/>\n31\/08\/2016<\/p>\n","protected":false},"excerpt":{"rendered":"<p>Por 61 votos a 20, o plen\u00e1rio do Senado condenou a presidenta Dilma Rousseff por crime de responsabilidade, em sess\u00e3o com mais de 2 horas de dura\u00e7\u00e3o. Com isso, a petista ser\u00e1 definitivamente afastada de seu cargo. Pela segunda vez na hist\u00f3ria do Brasil, uma figura pol\u00edtica \u00e9 destitu\u00edda da Presid\u00eancia da Rep\u00fablica por meio [&hellip;]<\/p>\n","protected":false},"author":2,"featured_media":34796,"comment_status":"open","ping_status":"closed","sticky":false,"template":"","format":"standard","meta":{"_genesis_hide_title":false,"_genesis_hide_breadcrumbs":false,"_genesis_hide_singular_image":false,"_genesis_hide_footer_widgets":false,"_genesis_custom_body_class":"","_genesis_custom_post_class":"","_genesis_layout":"","_jetpack_memberships_contains_paid_content":false,"footnotes":""},"categories":[22],"tags":[],"class_list":{"0":"post-94189","1":"post","2":"type-post","3":"status-publish","4":"format-standard","5":"has-post-thumbnail","7":"category-brasil","8":"entry","9":"gs-1","10":"gs-odd","11":"gs-even","12":"gs-featured-content-entry"},"jetpack_featured_media_url":"https:\/\/www.redenoticia.com.br\/noticia\/imagens\/dilma-foto-wilson-dias-abr.jpg","jetpack_sharing_enabled":true,"jetpack_likes_enabled":true,"_links":{"self":[{"href":"https:\/\/www.redenoticia.com.br\/noticia\/wp-json\/wp\/v2\/posts\/94189","targetHints":{"allow":["GET"]}}],"collection":[{"href":"https:\/\/www.redenoticia.com.br\/noticia\/wp-json\/wp\/v2\/posts"}],"about":[{"href":"https:\/\/www.redenoticia.com.br\/noticia\/wp-json\/wp\/v2\/types\/post"}],"author":[{"embeddable":true,"href":"https:\/\/www.redenoticia.com.br\/noticia\/wp-json\/wp\/v2\/users\/2"}],"replies":[{"embeddable":true,"href":"https:\/\/www.redenoticia.com.br\/noticia\/wp-json\/wp\/v2\/comments?post=94189"}],"version-history":[{"count":0,"href":"https:\/\/www.redenoticia.com.br\/noticia\/wp-json\/wp\/v2\/posts\/94189\/revisions"}],"wp:featuredmedia":[{"embeddable":true,"href":"https:\/\/www.redenoticia.com.br\/noticia\/wp-json\/wp\/v2\/media\/34796"}],"wp:attachment":[{"href":"https:\/\/www.redenoticia.com.br\/noticia\/wp-json\/wp\/v2\/media?parent=94189"}],"wp:term":[{"taxonomy":"category","embeddable":true,"href":"https:\/\/www.redenoticia.com.br\/noticia\/wp-json\/wp\/v2\/categories?post=94189"},{"taxonomy":"post_tag","embeddable":true,"href":"https:\/\/www.redenoticia.com.br\/noticia\/wp-json\/wp\/v2\/tags?post=94189"}],"curies":[{"name":"wp","href":"https:\/\/api.w.org\/{rel}","templated":true}]}}