{"id":94114,"date":"2016-08-31T06:42:57","date_gmt":"2016-08-31T09:42:57","guid":{"rendered":"http:\/\/www.redenoticia.com.br\/noticia\/?p=94114"},"modified":"2016-08-30T18:44:15","modified_gmt":"2016-08-30T21:44:15","slug":"deficit-primario-do-governo-central-bate-recorde-para-meses-de-julho","status":"publish","type":"post","link":"https:\/\/www.redenoticia.com.br\/noticia\/2016\/deficit-primario-do-governo-central-bate-recorde-para-meses-de-julho\/94114","title":{"rendered":"D\u00e9ficit prim\u00e1rio do Governo Central bate recorde para meses de julho"},"content":{"rendered":"<p> A queda da arrecada\u00e7\u00e3o e a quita\u00e7\u00e3o de passivos com bancos p\u00fablicos fizeram o Governo Central (Tesouro Nacional, Previd\u00eancia Social e Banco Central) registrar em julho o maior <strong><em>d\u00e9ficit prim\u00e1rio<\/em><\/strong> da hist\u00f3ria para o m\u00eas. No m\u00eas passado, o resultado negativo somou R$ 18,552 bilh\u00f5es, valor 2,5 vezes maior que o d\u00e9ficit de R$ 7,144 bilh\u00f5es registrado em julho do ano passado.<\/p>\n<p>O d\u00e9ficit prim\u00e1rio representa o resultado negativo nas contas p\u00fablicas, desconsiderando o pagamento de juros. No acumulado de 2016, o d\u00e9ficit soma R$ 51,073 bilh\u00f5es, tamb\u00e9m o pior resultado da hist\u00f3ria para os sete primeiros meses do ano.<\/p>\n<p>O resultado negativo foi impulsionado pelo pagamento de R$ 9,2 bilh\u00f5es relativos ao pagamento de subs\u00eddios, de subven\u00e7\u00f5es e do Proagro. Desde a publica\u00e7\u00e3o dos ac\u00f3rd\u00e3os do governo com o Tribunal de Contas da Uni\u00e3o, no fim do ano passado, o governo quita os passivos com bancos p\u00fablicos e com o Fundo de Garantia do Tempo de Servi\u00e7o duas vezes por ano, em janeiro e julho. A ajuda de R$ 2,9 bilh\u00f5es ao estado do Rio de Janeiro, tamb\u00e9m paga em julho, aumentou o d\u00e9ficit.<\/p>\n<p>Previd\u00eancia<\/p>\n<p> O d\u00e9ficit poderia ter sido ainda maior n\u00e3o fosse a entrada de R$ 1,2 bilh\u00e3o referente \u00e0 renova\u00e7\u00e3o da concess\u00e3o de usinas hidrel\u00e9tricas. Essa foi a \u00faltima parcela dos R$ 17,4 bilh\u00f5es arrecadados pelo governo com o leil\u00e3o das usinas, ocorrido em novembro do ano passado. O Tesouro havia recebido R$ 11 bilh\u00f5es em janeiro e R$ 5,2 bilh\u00f5es em junho.<\/p>\n<p>A queda das receitas, decorrente da crise econ\u00f4mica, \u00e9 o principal motivo para o d\u00e9ficit prim\u00e1rio recorde em 2016. De janeiro a julho, as receitas l\u00edquidas do Governo Central ca\u00edram 5,4%, descontada a infla\u00e7\u00e3o oficial pelo \u00cdndice Nacional de Pre\u00e7os ao Consumidor Amplo (IPCA). No mesmo per\u00edodo, as despesas totais ficaram estabilizadas, crescendo apenas 0,8% acima da infla\u00e7\u00e3o.<\/p>\n<p>Entre as despesas, as que mais cresceram foram os gastos com a Previd\u00eancia Social, que subiram 5,7% acima do IPCA de janeiro a julho em rela\u00e7\u00e3o ao mesmo per\u00edodo de 2015. As demais despesas obrigat\u00f3rias subiram 3,8%, tamb\u00e9m descontando a infla\u00e7\u00e3o.<\/p>\n<p>Greve<\/p>\n<p>Esses crescimentos foram compensados pela queda real (descontando o IPCA) de 3,1% nos gastos com o funcionalismo p\u00fablico e o recuo de 5,7% nas despesas discricion\u00e1rias (n\u00e3o obrigat\u00f3rias) em todos os Poderes.<\/p>\n<p>Por causa da greve dos servidores do Tesouro Nacional, o \u00f3rg\u00e3o n\u00e3o divulgou o valor dos investimentos \u2013 como obras e compra de equipamentos \u2013 em julho. Inicialmente, os funcion\u00e1rios promoveram um apita\u00e7o na entrada do Minist\u00e9rio da Fazenda. Em seguida, eles dirigiram-se ao hall de entrada do sexto andar do pr\u00e9dio, onde a secret\u00e1ria do Tesouro, Ana Paula Vescovi, explica os resultados do Governo Central em julho.<\/p>\n<p>Wellton M\u00e1ximo \u2013 Rep\u00f3rter da Ag\u00eancia Brasil<br \/>\nEdi\u00e7\u00e3o: Armando Cardoso<br \/>\n31\/08\/2016 <\/p>\n","protected":false},"excerpt":{"rendered":"<p>A queda da arrecada\u00e7\u00e3o e a quita\u00e7\u00e3o de passivos com bancos p\u00fablicos fizeram o Governo Central (Tesouro Nacional, Previd\u00eancia Social e Banco Central) registrar em julho o maior d\u00e9ficit prim\u00e1rio da hist\u00f3ria para o m\u00eas. No m\u00eas passado, o resultado negativo somou R$ 18,552 bilh\u00f5es, valor 2,5 vezes maior que o d\u00e9ficit de R$ 7,144 [&hellip;]<\/p>\n","protected":false},"author":2,"featured_media":57583,"comment_status":"open","ping_status":"closed","sticky":false,"template":"","format":"standard","meta":{"_genesis_hide_title":false,"_genesis_hide_breadcrumbs":false,"_genesis_hide_singular_image":false,"_genesis_hide_footer_widgets":false,"_genesis_custom_body_class":"","_genesis_custom_post_class":"","_genesis_layout":"","_jetpack_memberships_contains_paid_content":false,"footnotes":""},"categories":[22,7],"tags":[],"class_list":{"0":"post-94114","1":"post","2":"type-post","3":"status-publish","4":"format-standard","5":"has-post-thumbnail","7":"category-brasil","8":"category-economia","9":"entry","10":"gs-1","11":"gs-odd","12":"gs-even","13":"gs-featured-content-entry"},"jetpack_featured_media_url":"https:\/\/www.redenoticia.com.br\/noticia\/imagens\/economia-grafico.jpg","jetpack_sharing_enabled":true,"jetpack_likes_enabled":true,"_links":{"self":[{"href":"https:\/\/www.redenoticia.com.br\/noticia\/wp-json\/wp\/v2\/posts\/94114","targetHints":{"allow":["GET"]}}],"collection":[{"href":"https:\/\/www.redenoticia.com.br\/noticia\/wp-json\/wp\/v2\/posts"}],"about":[{"href":"https:\/\/www.redenoticia.com.br\/noticia\/wp-json\/wp\/v2\/types\/post"}],"author":[{"embeddable":true,"href":"https:\/\/www.redenoticia.com.br\/noticia\/wp-json\/wp\/v2\/users\/2"}],"replies":[{"embeddable":true,"href":"https:\/\/www.redenoticia.com.br\/noticia\/wp-json\/wp\/v2\/comments?post=94114"}],"version-history":[{"count":0,"href":"https:\/\/www.redenoticia.com.br\/noticia\/wp-json\/wp\/v2\/posts\/94114\/revisions"}],"wp:featuredmedia":[{"embeddable":true,"href":"https:\/\/www.redenoticia.com.br\/noticia\/wp-json\/wp\/v2\/media\/57583"}],"wp:attachment":[{"href":"https:\/\/www.redenoticia.com.br\/noticia\/wp-json\/wp\/v2\/media?parent=94114"}],"wp:term":[{"taxonomy":"category","embeddable":true,"href":"https:\/\/www.redenoticia.com.br\/noticia\/wp-json\/wp\/v2\/categories?post=94114"},{"taxonomy":"post_tag","embeddable":true,"href":"https:\/\/www.redenoticia.com.br\/noticia\/wp-json\/wp\/v2\/tags?post=94114"}],"curies":[{"name":"wp","href":"https:\/\/api.w.org\/{rel}","templated":true}]}}