{"id":94112,"date":"2016-08-31T06:41:50","date_gmt":"2016-08-31T09:41:50","guid":{"rendered":"http:\/\/www.redenoticia.com.br\/noticia\/?p=94112"},"modified":"2016-08-30T18:42:52","modified_gmt":"2016-08-30T21:42:52","slug":"igp-m-tem-alta-de-1149-em-12-meses","status":"publish","type":"post","link":"https:\/\/www.redenoticia.com.br\/noticia\/2016\/igp-m-tem-alta-de-1149-em-12-meses\/94112","title":{"rendered":"IGP-M tem alta de 11,49% em 12 meses"},"content":{"rendered":"<p> O <strong><em>\u00cdndice Geral de Pre\u00e7os-Mercado<\/em><\/strong> (IGP-M), calculado pela Funda\u00e7\u00e3o Getulio Vargas (FGV), registrou alta de 11,49%, nos \u00faltimos 12 meses, segundo dados divulgados. No acumulado de 2016, a varia\u00e7\u00e3o foi de 6,25%. Em agosto, o IGP-M ficou em 0,15%, pouco abaixo do registrado em julho (0,18%). O IGP-M \u00e9 calculado com base nos pre\u00e7os coletados entre os dias 21 do m\u00eas anterior e 20 do m\u00eas de refer\u00eancia. O \u00edndice \u00e9 usado para o reajuste de contratos de aluguel em todo o pa\u00eds.<\/p>\n<p>A taxa de varia\u00e7\u00e3o do \u00cdndice de Pre\u00e7os ao Produtor Amplo (IPA) foi de 0,04% em agosto, enquanto em julho ficou em -0,01%. O \u00edndice relativo aos Bens Finais variou 0,15% em agosto e, em julho, 1,41%. Contribuiu para este recuo o subgrupo alimentos processados, cuja taxa de varia\u00e7\u00e3o passou de 3,00% para 0,27%. Excluindo-se os subgrupos alimentos in natura e combust\u00edveis para o consumo, o \u00edndice de Bens Finais acusou varia\u00e7\u00e3o de 0,22%. Em julho, a taxa foi de 1,22%.<\/p>\n<p>O \u00edndice do grupo Bens Intermedi\u00e1rios variou -0,36% e em julho foi de 0,28%. O principal respons\u00e1vel foi o subgrupo materiais e componentes para a manufatura (0,29% para -0,76%). O \u00edndice de Bens Intermedi\u00e1rios, calculado ap\u00f3s a exclus\u00e3o do subgrupo combust\u00edveis e lubrificantes para a produ\u00e7\u00e3o, variou -0,50%, ante 0,27%, em julho.<\/p>\n<p>\u00cdndices com varia\u00e7\u00e3o<\/p>\n<p>O \u00edndice do grupo Mat\u00e9rias-Primas Brutas variou 0,34%, em agosto. Em julho, o \u00edndice teve varia\u00e7\u00e3o de -1,96%. Os itens que mais contribu\u00edram para o movimento foram milho em gr\u00e3o (-11,19% para 5,27%), min\u00e9rio de ferro (-9,17% para 3,21%) e laranja (-4,50% para 5,12%). Em sentido oposto, destacam-se soja (em gr\u00e3o) (-3,68% para -8,51%), bovinos (0,59% para -1,70%) e caf\u00e9 (em gr\u00e3o) (4,99% para -0,20%).<\/p>\n<p>Segundo a FGV, o \u00cdndice de Pre\u00e7os ao Consumidor (IPC) registrou varia\u00e7\u00e3o de 0,40% em agosto ante 0,29%, em julho. Das oito classes de despesas que comp\u00f5em o \u00edndice, seis acusaram acr\u00e9scimo nas taxas de varia\u00e7\u00e3o. A principal contribui\u00e7\u00e3o partiu do grupo Alimenta\u00e7\u00e3o (0,44% para 0,66%).<\/p>\n<p>Tamb\u00e9m tiveram eleva\u00e7\u00e3o os grupos Transportes (-0,04% para 0,27%), Sa\u00fade e Cuidados Pessoais (0,67% pra 0,76%), Educa\u00e7\u00e3o, Leitura e Recrea\u00e7\u00e3o (0,62% para 0,83%), Comunica\u00e7\u00e3o (0,16% para 0,39%) e Vestu\u00e1rio (-0,07% para 0,07%). No sentido contr\u00e1rio aparecem os grupos Habita\u00e7\u00e3o (0,13% para 0,01%) e Despesas Diversas (0,58% para 0,10%).<\/p>\n<p>O \u00cdndice Nacional de Custo da Constru\u00e7\u00e3o (INCC) fechou em agosto comvaria\u00e7\u00e3o de 0,26%, abaixo do resultado de julho: 1,09%. O \u00edndice relativo a Materiais, Equipamentos e Servi\u00e7os teve varia\u00e7\u00e3o de 0,26%. No m\u00eas anterior, a taxa havia sido de 0,12%. O \u00edndice que representa o custo da M\u00e3o de Obra acusou taxa de 0,26%. No m\u00eas anterior, este grupo variou 1,93%.<\/p>\n<p>Fl\u00e1via Albuquerque &#8211; Rep\u00f3rter da Ag\u00eancia Brasil<br \/>\nEdi\u00e7\u00e3o: Kleber Sampaio<br \/>\n31\/08\/2016<\/p>\n","protected":false},"excerpt":{"rendered":"<p>O \u00cdndice Geral de Pre\u00e7os-Mercado (IGP-M), calculado pela Funda\u00e7\u00e3o Getulio Vargas (FGV), registrou alta de 11,49%, nos \u00faltimos 12 meses, segundo dados divulgados. No acumulado de 2016, a varia\u00e7\u00e3o foi de 6,25%. Em agosto, o IGP-M ficou em 0,15%, pouco abaixo do registrado em julho (0,18%). O IGP-M \u00e9 calculado com base nos pre\u00e7os coletados [&hellip;]<\/p>\n","protected":false},"author":2,"featured_media":57582,"comment_status":"open","ping_status":"closed","sticky":false,"template":"","format":"standard","meta":{"_genesis_hide_title":false,"_genesis_hide_breadcrumbs":false,"_genesis_hide_singular_image":false,"_genesis_hide_footer_widgets":false,"_genesis_custom_body_class":"","_genesis_custom_post_class":"","_genesis_layout":"","_jetpack_memberships_contains_paid_content":false,"footnotes":""},"categories":[22,7],"tags":[],"class_list":{"0":"post-94112","1":"post","2":"type-post","3":"status-publish","4":"format-standard","5":"has-post-thumbnail","7":"category-brasil","8":"category-economia","9":"entry","10":"gs-1","11":"gs-odd","12":"gs-even","13":"gs-featured-content-entry"},"jetpack_featured_media_url":"https:\/\/www.redenoticia.com.br\/noticia\/imagens\/grafico1.jpg","jetpack_sharing_enabled":true,"jetpack_likes_enabled":true,"_links":{"self":[{"href":"https:\/\/www.redenoticia.com.br\/noticia\/wp-json\/wp\/v2\/posts\/94112","targetHints":{"allow":["GET"]}}],"collection":[{"href":"https:\/\/www.redenoticia.com.br\/noticia\/wp-json\/wp\/v2\/posts"}],"about":[{"href":"https:\/\/www.redenoticia.com.br\/noticia\/wp-json\/wp\/v2\/types\/post"}],"author":[{"embeddable":true,"href":"https:\/\/www.redenoticia.com.br\/noticia\/wp-json\/wp\/v2\/users\/2"}],"replies":[{"embeddable":true,"href":"https:\/\/www.redenoticia.com.br\/noticia\/wp-json\/wp\/v2\/comments?post=94112"}],"version-history":[{"count":0,"href":"https:\/\/www.redenoticia.com.br\/noticia\/wp-json\/wp\/v2\/posts\/94112\/revisions"}],"wp:featuredmedia":[{"embeddable":true,"href":"https:\/\/www.redenoticia.com.br\/noticia\/wp-json\/wp\/v2\/media\/57582"}],"wp:attachment":[{"href":"https:\/\/www.redenoticia.com.br\/noticia\/wp-json\/wp\/v2\/media?parent=94112"}],"wp:term":[{"taxonomy":"category","embeddable":true,"href":"https:\/\/www.redenoticia.com.br\/noticia\/wp-json\/wp\/v2\/categories?post=94112"},{"taxonomy":"post_tag","embeddable":true,"href":"https:\/\/www.redenoticia.com.br\/noticia\/wp-json\/wp\/v2\/tags?post=94112"}],"curies":[{"name":"wp","href":"https:\/\/api.w.org\/{rel}","templated":true}]}}