{"id":94108,"date":"2016-08-31T06:39:32","date_gmt":"2016-08-31T09:39:32","guid":{"rendered":"http:\/\/www.redenoticia.com.br\/noticia\/?p=94108"},"modified":"2016-08-30T18:40:35","modified_gmt":"2016-08-30T21:40:35","slug":"mp-do-amazonas-impugna-mais-de-300-candidaturas-por-contas-irregulares","status":"publish","type":"post","link":"https:\/\/www.redenoticia.com.br\/noticia\/2016\/mp-do-amazonas-impugna-mais-de-300-candidaturas-por-contas-irregulares\/94108","title":{"rendered":"MP do Amazonas impugna mais de 300 candidaturas por contas irregulares"},"content":{"rendered":"<p> O Minist\u00e9rio P\u00fablico do Estado do Amazonas (MP-AM) j\u00e1 impugnou 122 <strong><em>candidaturas em Manaus<\/em><\/strong> e 198 no interior para as elei\u00e7\u00f5es municipais de outubro. Os n\u00fameros do interior podem aumentar porque ainda faltam informa\u00e7\u00f5es referentes a dez munic\u00edpios. Os dados foram divulgados pelo coordenador do Centro de Apoio Operacional \u00e0s Promotorias Eleitorais do MP amazonense, procurador P\u00fablio Caio.<\/p>\n<p>\u201cExiste um conjunto de irregularidades. A principal delas \u00e9 a condena\u00e7\u00e3o pelo Tribunal de Contas do Estado nas contas dos gestores p\u00fablicos. O ac\u00f3rd\u00e3o do tribunal gerou a inelegibilidade de muitos candidatos. H\u00e1 tamb\u00e9m, na parte dos partidos, o n\u00e3o cumprimento da cota de g\u00eanero de 30% das mulheres e 70% para os homens\u201d, destacou.<\/p>\n<p>O procurador lembrou que, no caso dos prefeitos, conforme recente decis\u00e3o do Supremo Tribunal Federal (STF), n\u00e3o se aplica a inelegibilidade apenas com a condena\u00e7\u00e3o dos tribunais de conta. Tamb\u00e9m \u00e9 necess\u00e1rio que as c\u00e2maras municipais rejeitem a presta\u00e7\u00e3o de contas.<\/p>\n<p>\u201cPara os demais gestores, ex-secret\u00e1rios de estado, de munic\u00edpios, presidentes de c\u00e2maras e de assembleias a simples condena\u00e7\u00e3o pelo TCE j\u00e1 \u00e9 suficiente para gerar a inelegibilidade\u201d, explicou P\u00fablio Caio.<\/p>\n<p>De acordo com o procurador, candidatos e partidos podem recorrer das impugna\u00e7\u00f5es do MP e por outros candidatos. \u201cA partir da decis\u00e3o do juiz eleitoral, se ele confirmar a pretens\u00e3o de impugna\u00e7\u00e3o, restar\u00e1 a eles recorrer. Se n\u00e3o recorrerem, estar\u00e3o fora do pleito. Eles t\u00eam prazo de dois dias para recorrer e ent\u00e3o o Tribunal Regional Eleitoral far\u00e1 seu julgamento.\u201d<\/p>\n<p>Libras<\/p>\n<p> Ainda segundo P\u00fablio Caio, nenhum partido ou emissora de televis\u00e3o do Amazonas est\u00e3o respeitando a obrigatoriedade do uso da L\u00edngua Brasileira de Sinais (Libras) nas propagandas eleitorais, de modo a garantir a acessibilidade dos eleitores com defici\u00eancia auditiva.<\/p>\n<p>Por causa disso, ele informou que o procurador regional Eleitoral do Amazonas, Victor Riccely, baixou uma recomenda\u00e7\u00e3o para que as emissoras n\u00e3o veiculem propagandas sem libras.<\/p>\n<p>\u201c\u00c9 proibido, sob pena de a programa\u00e7\u00e3o da emissora ser suspensa por um dia. A emissora tem todo o poder de rejeitar a m\u00eddia entregue pelo partido que n\u00e3o esteja devidamente feita com libras\u201d, ressaltou Caio.<\/p>\n<p>Den\u00fancias<\/p>\n<p>O MP amazonense tamb\u00e9m divulgou que o aplicativo Pardal j\u00e1 recebeu 70 den\u00fancias referentes a propagandas eleitorais e condutas irregulares de candidatos em todo o estado desde o \u00faltimo dia 26, quando come\u00e7ou a funcionar.<\/p>\n<p>A ferramenta foi desenvolvida pelo Tribunal Regional Eleitoral do Esp\u00edrito Santo em 2012 e agora estendida para todos os estados. O secret\u00e1rio de Tecnologia do TRE do Amazonas, Rodrigo Camelo, ressaltou a import\u00e2ncia da den\u00fancia ser feita com provas, como fotos, \u00e1udios e imagens<\/p>\n<p>\u201c\u00c9 importante anexar provas contundentes. N\u00e3o adiantam s\u00f3 circunstanciais e colocar um texto tentando explic\u00e1-la. Tem de ser algo poss\u00edvel de se formalizar uma den\u00fancia\u201d, orientou Camelo.<\/p>\n<p>O aplicativo Pardal pode ser baixado em celulares com sistema android. As den\u00fancias tamb\u00e9m podem ser feitas pela internet em um link para a ferramenta dispon\u00edvel no site do Tribunal Regional Eleitoral do Amazonas.<\/p>\n<p>Bianca Paiva &#8211; Correspondente da Ag\u00eancia Brasil<br \/>\nEdi\u00e7\u00e3o: Armando Cardoso<br \/>\n31\/08\/2016<\/p>\n","protected":false},"excerpt":{"rendered":"<p>O Minist\u00e9rio P\u00fablico do Estado do Amazonas (MP-AM) j\u00e1 impugnou 122 candidaturas em Manaus e 198 no interior para as elei\u00e7\u00f5es municipais de outubro. Os n\u00fameros do interior podem aumentar porque ainda faltam informa\u00e7\u00f5es referentes a dez munic\u00edpios. Os dados foram divulgados pelo coordenador do Centro de Apoio Operacional \u00e0s Promotorias Eleitorais do MP amazonense, [&hellip;]<\/p>\n","protected":false},"author":2,"featured_media":39956,"comment_status":"open","ping_status":"closed","sticky":false,"template":"","format":"standard","meta":{"_genesis_hide_title":false,"_genesis_hide_breadcrumbs":false,"_genesis_hide_singular_image":false,"_genesis_hide_footer_widgets":false,"_genesis_custom_body_class":"","_genesis_custom_post_class":"","_genesis_layout":"","_jetpack_memberships_contains_paid_content":false,"footnotes":""},"categories":[22],"tags":[],"class_list":{"0":"post-94108","1":"post","2":"type-post","3":"status-publish","4":"format-standard","5":"has-post-thumbnail","7":"category-brasil","8":"entry","9":"gs-1","10":"gs-odd","11":"gs-even","12":"gs-featured-content-entry"},"jetpack_featured_media_url":"https:\/\/www.redenoticia.com.br\/noticia\/imagens\/eleicao-voto-campanha-eleitoral-resultado.jpg","jetpack_sharing_enabled":true,"jetpack_likes_enabled":true,"_links":{"self":[{"href":"https:\/\/www.redenoticia.com.br\/noticia\/wp-json\/wp\/v2\/posts\/94108","targetHints":{"allow":["GET"]}}],"collection":[{"href":"https:\/\/www.redenoticia.com.br\/noticia\/wp-json\/wp\/v2\/posts"}],"about":[{"href":"https:\/\/www.redenoticia.com.br\/noticia\/wp-json\/wp\/v2\/types\/post"}],"author":[{"embeddable":true,"href":"https:\/\/www.redenoticia.com.br\/noticia\/wp-json\/wp\/v2\/users\/2"}],"replies":[{"embeddable":true,"href":"https:\/\/www.redenoticia.com.br\/noticia\/wp-json\/wp\/v2\/comments?post=94108"}],"version-history":[{"count":0,"href":"https:\/\/www.redenoticia.com.br\/noticia\/wp-json\/wp\/v2\/posts\/94108\/revisions"}],"wp:featuredmedia":[{"embeddable":true,"href":"https:\/\/www.redenoticia.com.br\/noticia\/wp-json\/wp\/v2\/media\/39956"}],"wp:attachment":[{"href":"https:\/\/www.redenoticia.com.br\/noticia\/wp-json\/wp\/v2\/media?parent=94108"}],"wp:term":[{"taxonomy":"category","embeddable":true,"href":"https:\/\/www.redenoticia.com.br\/noticia\/wp-json\/wp\/v2\/categories?post=94108"},{"taxonomy":"post_tag","embeddable":true,"href":"https:\/\/www.redenoticia.com.br\/noticia\/wp-json\/wp\/v2\/tags?post=94108"}],"curies":[{"name":"wp","href":"https:\/\/api.w.org\/{rel}","templated":true}]}}