{"id":94106,"date":"2016-08-31T06:38:25","date_gmt":"2016-08-31T09:38:25","guid":{"rendered":"http:\/\/www.redenoticia.com.br\/noticia\/?p=94106"},"modified":"2016-08-30T18:39:26","modified_gmt":"2016-08-30T21:39:26","slug":"ativos-de-tecnologia-da-informacao-do-governo-serao-certificados-pelo-inmetro","status":"publish","type":"post","link":"https:\/\/www.redenoticia.com.br\/noticia\/2016\/ativos-de-tecnologia-da-informacao-do-governo-serao-certificados-pelo-inmetro\/94106","title":{"rendered":"Ativos de tecnologia da informa\u00e7\u00e3o do governo ser\u00e3o certificados pelo Inmetro"},"content":{"rendered":"<p> Acordo de coopera\u00e7\u00e3o t\u00e9cnica firmado pelo Instituto Nacional de Metrologia, Qualidade e Tecnologia (Inmetro) e o Minist\u00e9rio do Planejamento vai resultar na cria\u00e7\u00e3o do Programa Nacional de Certifica\u00e7\u00e3o e Homologa\u00e7\u00e3o de Ativos de Tecnologia da Informa\u00e7\u00e3o e Comunica\u00e7\u00e3o (TIC), cuja implementa\u00e7\u00e3o \u00e9 prevista para o pr\u00f3ximo ano. O acordo dever\u00e1 garantir a <strong><em>seguran\u00e7a da comunica\u00e7\u00e3o de dados<\/em><\/strong> do governo e da sociedade.<\/p>\n<p>Segundo a diretora de Avalia\u00e7\u00e3o da Conformidade do Inmetro, Annalina Camboim, o objetivo \u00e9 que o instituto desempenhe um papel semelhante ao que faz quando \u00e9 acionado para interferir nas compras p\u00fablicas governamentais.\u201cA ideia \u00e9 que ele consiga contribuir para levantar os crit\u00e9rios necess\u00e1rios para fazer o processo de avalia\u00e7\u00e3o da conformidade de todos os tipos de iniciativas relativas ao governo federal que tenham necessidade de uma seguran\u00e7a de software (programa de computador) e at\u00e9 de hardware (parte f\u00edsica de um computador)\u201d, informou Annalina.<\/p>\n<p>Isso significa que o governo federal comprar\u00e1 somente produtos de TIC certificados por organismos acreditados pelo Inmetro. Segundo Annalina, o programa j\u00e1 est\u00e1 concebido nas suas linhas gerais. Caber\u00e1 ao Minist\u00e9rio do Planejamento a parte de coordena\u00e7\u00e3o do programa, enquanto o Inmetro dar\u00e1 suporte t\u00e9cnico ao desenvolvimento dos requisitos necess\u00e1rios para sua implementa\u00e7\u00e3o.<\/p>\n<p>At\u00e9 o final do ano, a expectativa \u00e9 que haja avan\u00e7os significativos no estabelecimento dos crit\u00e9rios t\u00e9cnicos para o programa de certifica\u00e7\u00e3o. N\u00e3o h\u00e1, por\u00e9m, inten\u00e7\u00e3o de o Inmetro desenvolver a parte de fiscaliza\u00e7\u00e3o nessa \u00e1rea, destacou. Esclareceu que a certifica\u00e7\u00e3o de produtos de TIC no \u00e2mbito do programa s\u00f3 ocorrer\u00e1 para quem estiver atendendo ao pr\u00f3prio governo: \u201cA ideia n\u00e3o \u00e9 fazer uma certifica\u00e7\u00e3o ainda em n\u00edvel mais amplo, mas pensando realmente na seguran\u00e7a dos aplicativos para o governo federal\u201d.<\/p>\n<p>O secret\u00e1rio de Tecnologia da Informa\u00e7\u00e3o do Minist\u00e9rio do Planejamento, Marcelo Pagotti, indicou que a atua\u00e7\u00e3o conjunta vai \u201cprevenir e garantir a seguran\u00e7a das comunica\u00e7\u00f5es de dados do cidad\u00e3o e das entidades do governo\u201d. O secret\u00e1rio afirmou que os produtos certificados pelo instituto tamb\u00e9m poder\u00e3o ser adquiridos pelos cidad\u00e3os brasileiros.<\/p>\n<p>Al\u00e9m do Inmetro, outras institui\u00e7\u00f5es de avalia\u00e7\u00e3o da conformidade acreditadas pelo instituto poder\u00e3o certificar os ativos de TIC, devendo, para isso, obedecer \u00e0s regras fixadas pelo Sistema Nacional de Metrologia, Normaliza\u00e7\u00e3o e Qualidade Industrial (Sinmetro), informou a assessoria de imprensa do \u00f3rg\u00e3o.<\/p>\n<p>Alana Gandra &#8211; Rep\u00f3rter da Ag\u00eancia Brasil<br \/>\nEdi\u00e7\u00e3o: Jorge Wamburg<br \/>\n31\/08\/2016<\/p>\n","protected":false},"excerpt":{"rendered":"<p>Acordo de coopera\u00e7\u00e3o t\u00e9cnica firmado pelo Instituto Nacional de Metrologia, Qualidade e Tecnologia (Inmetro) e o Minist\u00e9rio do Planejamento vai resultar na cria\u00e7\u00e3o do Programa Nacional de Certifica\u00e7\u00e3o e Homologa\u00e7\u00e3o de Ativos de Tecnologia da Informa\u00e7\u00e3o e Comunica\u00e7\u00e3o (TIC), cuja implementa\u00e7\u00e3o \u00e9 prevista para o pr\u00f3ximo ano. O acordo dever\u00e1 garantir a seguran\u00e7a da comunica\u00e7\u00e3o [&hellip;]<\/p>\n","protected":false},"author":2,"featured_media":57576,"comment_status":"open","ping_status":"closed","sticky":false,"template":"","format":"standard","meta":{"_genesis_hide_title":false,"_genesis_hide_breadcrumbs":false,"_genesis_hide_singular_image":false,"_genesis_hide_footer_widgets":false,"_genesis_custom_body_class":"","_genesis_custom_post_class":"","_genesis_layout":"","_jetpack_memberships_contains_paid_content":false,"footnotes":""},"categories":[22],"tags":[],"class_list":{"0":"post-94106","1":"post","2":"type-post","3":"status-publish","4":"format-standard","5":"has-post-thumbnail","7":"category-brasil","8":"entry","9":"gs-1","10":"gs-odd","11":"gs-even","12":"gs-featured-content-entry"},"jetpack_featured_media_url":"https:\/\/www.redenoticia.com.br\/noticia\/imagens\/tecnologia1.jpg","jetpack_sharing_enabled":true,"jetpack_likes_enabled":true,"_links":{"self":[{"href":"https:\/\/www.redenoticia.com.br\/noticia\/wp-json\/wp\/v2\/posts\/94106","targetHints":{"allow":["GET"]}}],"collection":[{"href":"https:\/\/www.redenoticia.com.br\/noticia\/wp-json\/wp\/v2\/posts"}],"about":[{"href":"https:\/\/www.redenoticia.com.br\/noticia\/wp-json\/wp\/v2\/types\/post"}],"author":[{"embeddable":true,"href":"https:\/\/www.redenoticia.com.br\/noticia\/wp-json\/wp\/v2\/users\/2"}],"replies":[{"embeddable":true,"href":"https:\/\/www.redenoticia.com.br\/noticia\/wp-json\/wp\/v2\/comments?post=94106"}],"version-history":[{"count":0,"href":"https:\/\/www.redenoticia.com.br\/noticia\/wp-json\/wp\/v2\/posts\/94106\/revisions"}],"wp:featuredmedia":[{"embeddable":true,"href":"https:\/\/www.redenoticia.com.br\/noticia\/wp-json\/wp\/v2\/media\/57576"}],"wp:attachment":[{"href":"https:\/\/www.redenoticia.com.br\/noticia\/wp-json\/wp\/v2\/media?parent=94106"}],"wp:term":[{"taxonomy":"category","embeddable":true,"href":"https:\/\/www.redenoticia.com.br\/noticia\/wp-json\/wp\/v2\/categories?post=94106"},{"taxonomy":"post_tag","embeddable":true,"href":"https:\/\/www.redenoticia.com.br\/noticia\/wp-json\/wp\/v2\/tags?post=94106"}],"curies":[{"name":"wp","href":"https:\/\/api.w.org\/{rel}","templated":true}]}}