{"id":94104,"date":"2016-08-31T06:37:19","date_gmt":"2016-08-31T09:37:19","guid":{"rendered":"http:\/\/www.redenoticia.com.br\/noticia\/?p=94104"},"modified":"2016-08-30T18:38:20","modified_gmt":"2016-08-30T21:38:20","slug":"atletas-concluem-em-sao-paulo-treinamento-para-as-paralimpiadas","status":"publish","type":"post","link":"https:\/\/www.redenoticia.com.br\/noticia\/2016\/atletas-concluem-em-sao-paulo-treinamento-para-as-paralimpiadas\/94104","title":{"rendered":"Atletas concluem em S\u00e3o Paulo treinamento para as Paralimp\u00edadas"},"content":{"rendered":"<p> Pr\u00f3ximo do in\u00edcio dos <strong><em>Jogos Paral\u00edmpicos<\/em><\/strong> 2016, (de 7 a 18 de setembro, no Rio de Janeiro), \u00e9 grande a ansiedade dos atletas da equipe brasileira. Eles treinaram com afinco e complementaram a prepara\u00e7\u00e3o no Centro de Treinamento Paraol\u00edmpico Brasileiro, em S\u00e3o Paulo. <\/p>\n<p>O complexo paradesportivo, constru\u00eddo pela Secretaria de Estado de Defesa dos Direitos da Pessoa com Defici\u00eancia, foi inaugurado pelo governador Geraldo Alckmin, em maio deste ano. Na ocasi\u00e3o, o Governo do Estado e o Comit\u00ea Paral\u00edmpico Brasileiro assinaram um conv\u00eanio, pelo qual o segundo administra o complexo e d\u00e1 apoio \u00e0 forma\u00e7\u00e3o de atletas.<\/p>\n<p>A equipe que representa o Comit\u00ea Paral\u00edmpico Brasileiro, incluindo o Time S\u00e3o Paulo Paral\u00edmpico, completou a prepara\u00e7\u00e3o para a competi\u00e7\u00e3o no complexo, considerado um dos quatro melhores do g\u00eanero no mundo e o principal da Am\u00e9rica Latina.<\/p>\n<p>S\u00e3o integrantes do . A equipe foi criada h\u00e1 cinco anos, como resultado da parceria entre Secretaria de Estado de Defesa dos Direitos da Pessoa com Defici\u00eancia e o Comit\u00ea Paral\u00edmpico Brasileiro. A maioria de seus participantes representa a equipe brasileira nos Jogos Paral\u00edmpicos.<\/p>\n<p>Os atletas foram escolhidos entre a elite do paradesporto e, juntos, foram respons\u00e1veis por 60% das medalhas conquistadas pelo Brasil nos Jogos de Pequim 2008 e Paralimp\u00edadas de Londres 2012.<\/p>\n<p>Resultados<br \/>\nNos Jogos Parapan-Americanos de Toronto, a delega\u00e7\u00e3o paulista, composta por 114 atletas paral\u00edmpicos, 90 deles medalhistas, conquistou 171 medalhas para o Brasil. Nas competi\u00e7\u00f5es em Toronto, o Brasil ficou em primeiro lugar com 257 medalhas, sendo 109 de ouro, 74 de prata e 74 de bronze. Os 24 integrantes do Time S\u00e3o Paulo Paral\u00edmpico, que recebem o apoio da Secretaria de Estado dos Direitos da Pessoa com Defici\u00eancia, obtiveram 65 medalhas, sendo 43 de ouro, 10 de prata e 12 de bronze.<\/p>\n<p>Os atletas da equipe paulista ganharam cerca de 40% das medalhas de ouro da Delega\u00e7\u00e3o Brasileira. Entre as modalidades, a nata\u00e7\u00e3o somou o maior n\u00famero de vit\u00f3rias ou 25 medalhas de ouro. Os atletas Daniel Dias e Andr\u00e9 Brasil\u00a0 foram os destaques da competi\u00e7\u00e3o, com 8 e 6 medalhas, respectivamente. No atletismo, Ver\u00f4nica Hip\u00f3lito e Terezinha Guilhermina conquistaram 3 medalhas cada e na bocha, Eliseu dos Santos e Maciel dos Santos conquistaram 2 medalhas de ouro cada. No jud\u00f4, Lucia Teixeira ganhou a \u00fanica medalha de ouro da delega\u00e7\u00e3o paulista.<\/p>\n<p>Caracter\u00edsticas do complexo<br \/>\nO , localizado em S\u00e3o Paulo, no Parque Fontes do Ipiranga, \u00e9 considerado o maior do g\u00eanero no mundo em n\u00famero de modalidades e \u00a0um grande refor\u00e7o para a prepara\u00e7\u00e3o dos atletas. Nele, \u00e9 poss\u00edvel praticar 15 das 22 modalidades de esportes paralimpicas: atletismo,basquete em cadeiras de rodas, bocha, nata\u00e7\u00e3o, esgrima em cadeira de rodas, futebol de 5, futebol de 7, golbol, alterofilismo, jud\u00f4, rugbi, t\u00eanis, t\u00eanis em cadeiras de rodas, triatlo e volei bol sentado.<\/p>\n<p>O complexo tem como objetivo ser um importante centro de pesquisa em diversas \u00e1reas\u00a0 cient\u00edficas e tecnol\u00f3gicas associadas ao esporte para pessoas com defici\u00eancia, promover treinamentos, competi\u00e7\u00f5es e interc\u00e2mbio entre atletas e equipes dedicadas ao desenvolvimento de paradesporto e a prepara\u00e7\u00e3o f\u00edsica e treinamento de novas gera\u00e7\u00f5es de atletas de esportes adaptados.<\/p>\n<p>Tem ainda a miss\u00e3o de formar t\u00e9cnicos, classificadores, \u00e1rbitros, gestores e outros profissionais relacionados ao esporte, o desenvolvimento das ci\u00eancias do esporte, no conceito interdisciplinar envolvendo medicina, fisioterapia, psicologia, biomec\u00e2nica, nutri\u00e7\u00e3o e metodologia do treinamento, entre outras \u00e1reas.<\/p>\n<p>O Complexo Paraol\u00edmpico tem a tarefa estrat\u00e9gica de \u00a0apoiar os pa\u00edses da Am\u00e9rica Latina e da \u00c1frica no desenvolvimento do esporte paradesportivo e na prepara\u00e7\u00e3o de diversas gera\u00e7\u00f5es de atletas. Possui 140 mil m2 de \u00e1rea total e 95 mil m2 de \u00e1rea constru\u00edda, divididos em 11 \u00e1reas, entre arenas e \u00e1rea esportiva, arquibancadas, sanit\u00e1rios, lanchonete, hotel, pra\u00e7a de eventos, centro de conven\u00e7\u00f5es e laborat\u00f3rio, entre outras depend\u00eancias.<\/p>\n<p>Atletas do Time S\u00e3o Paulo Paral\u00edmpico convocados para as Paral\u00edmpiadas Rio 2016:<\/p>\n<p>Atletismo<br \/>\nClaudiney dos Santos<br \/>\nDaniel Mendes (com o atleta-guia Heitor de Oliveira Sales)<br \/>\nGustavo Ara\u00fajo<br \/>\nJerusa Geber (com o atleta-guia Guilherme Soares de Santana)<br \/>\nOdair dos Santos (com os atletas-guias Carlos Antonio dos Santos e Eriton de Aquino Nascimento)<br \/>\nShirlene Coelho<br \/>\nSilvania de Oliveira (com o atleta-guia Wendel de Souza Silva)<br \/>\nTerezinha Guilhermina (com o atleta -guia Rafale Lazarini)<br \/>\nVer\u00f4nica Hip\u00f3lito<br \/>\nYohansson do Nascimento<\/p>\n<p>Bocha<br \/>\nDirceu Pinto<br \/>\nEliseu dos Santos<br \/>\nMaciel Souza Santos<\/p>\n<p>Canoagem<br \/>\nLuis Carlos Cardoso<\/p>\n<p>Jud\u00f4<br \/>\nLucia Teixeira<\/p>\n<p>Nata\u00e7\u00e3o<br \/>\nAndr\u00e9 Brasil<br \/>\nCarlos Farrenberg<br \/>\nDaniel Dias<br \/>\nVanilton do Nascimento<\/p>\n<p>Remo<br \/>\nCl\u00e1udia C\u00edcero<\/p>\n<p>T\u00eanis de Mesa<br \/>\nBruna Alexandre<br \/>\nCarlos Carbinatti<br \/>\nJoyce de Oliveira<br \/>\nPaulo Salmin<\/p>\n<p>T\u00eanis em cadeira de rodas<br \/>\nNat\u00e1lia Mayara<\/p>\n<p>Vela<br \/>\nBruno Landgraf<br \/>\nMarinalva de Almeida<\/p>\n<p>Do Portal do Governo do Estado SP<\/p>\n","protected":false},"excerpt":{"rendered":"<p>Pr\u00f3ximo do in\u00edcio dos Jogos Paral\u00edmpicos 2016, (de 7 a 18 de setembro, no Rio de Janeiro), \u00e9 grande a ansiedade dos atletas da equipe brasileira. Eles treinaram com afinco e complementaram a prepara\u00e7\u00e3o no Centro de Treinamento Paraol\u00edmpico Brasileiro, em S\u00e3o Paulo. O complexo paradesportivo, constru\u00eddo pela Secretaria de Estado de Defesa dos Direitos [&hellip;]<\/p>\n","protected":false},"author":2,"featured_media":39880,"comment_status":"open","ping_status":"closed","sticky":false,"template":"","format":"standard","meta":{"_genesis_hide_title":false,"_genesis_hide_breadcrumbs":false,"_genesis_hide_singular_image":false,"_genesis_hide_footer_widgets":false,"_genesis_custom_body_class":"","_genesis_custom_post_class":"","_genesis_layout":"","_jetpack_memberships_contains_paid_content":false,"footnotes":""},"categories":[22],"tags":[],"class_list":{"0":"post-94104","1":"post","2":"type-post","3":"status-publish","4":"format-standard","5":"has-post-thumbnail","7":"category-brasil","8":"entry","9":"gs-1","10":"gs-odd","11":"gs-even","12":"gs-featured-content-entry"},"jetpack_featured_media_url":"https:\/\/www.redenoticia.com.br\/noticia\/imagens\/olimpiadas.jpg","jetpack_sharing_enabled":true,"jetpack_likes_enabled":true,"_links":{"self":[{"href":"https:\/\/www.redenoticia.com.br\/noticia\/wp-json\/wp\/v2\/posts\/94104","targetHints":{"allow":["GET"]}}],"collection":[{"href":"https:\/\/www.redenoticia.com.br\/noticia\/wp-json\/wp\/v2\/posts"}],"about":[{"href":"https:\/\/www.redenoticia.com.br\/noticia\/wp-json\/wp\/v2\/types\/post"}],"author":[{"embeddable":true,"href":"https:\/\/www.redenoticia.com.br\/noticia\/wp-json\/wp\/v2\/users\/2"}],"replies":[{"embeddable":true,"href":"https:\/\/www.redenoticia.com.br\/noticia\/wp-json\/wp\/v2\/comments?post=94104"}],"version-history":[{"count":0,"href":"https:\/\/www.redenoticia.com.br\/noticia\/wp-json\/wp\/v2\/posts\/94104\/revisions"}],"wp:featuredmedia":[{"embeddable":true,"href":"https:\/\/www.redenoticia.com.br\/noticia\/wp-json\/wp\/v2\/media\/39880"}],"wp:attachment":[{"href":"https:\/\/www.redenoticia.com.br\/noticia\/wp-json\/wp\/v2\/media?parent=94104"}],"wp:term":[{"taxonomy":"category","embeddable":true,"href":"https:\/\/www.redenoticia.com.br\/noticia\/wp-json\/wp\/v2\/categories?post=94104"},{"taxonomy":"post_tag","embeddable":true,"href":"https:\/\/www.redenoticia.com.br\/noticia\/wp-json\/wp\/v2\/tags?post=94104"}],"curies":[{"name":"wp","href":"https:\/\/api.w.org\/{rel}","templated":true}]}}