{"id":94031,"date":"2016-08-30T05:53:42","date_gmt":"2016-08-30T08:53:42","guid":{"rendered":"http:\/\/www.redenoticia.com.br\/noticia\/?p=94031"},"modified":"2016-08-29T22:54:26","modified_gmt":"2016-08-30T01:54:26","slug":"confianca-da-industria-na-economia-cai-em-agosto","status":"publish","type":"post","link":"https:\/\/www.redenoticia.com.br\/noticia\/2016\/confianca-da-industria-na-economia-cai-em-agosto\/94031","title":{"rendered":"Confian\u00e7a da ind\u00fastria na economia cai em agosto"},"content":{"rendered":"<p> Ap\u00f3s cinco eleva\u00e7\u00f5es consecutivas, o <strong><em>\u00cdndice de Confian\u00e7a da Ind\u00fastria<\/em><\/strong> (ICI) apresentou queda de 1 ponto em agosto, atingindo 86,1 pontos. A maior marca do ano foi registrada em julho (87,1) e entre mar\u00e7o e julho houve um ganho de 12,4 pontos, segundo o levantamento feito pelo Instituto Brasileiro de Economia (Ibre) da Funda\u00e7\u00e3o Getulio Vargas (FGV) na pesquisa Sondagem da Ind\u00fastria.<\/p>\n<p>Em nota, o superintendente de Estat\u00edsticas P\u00fablicas da FGV, Aloisio Campelo Junior, afirmou que \u201ca queda do ICI em agosto pode ser interpretada como acomoda\u00e7\u00e3o ap\u00f3s uma sequ\u00eancia de altas expressivas, sem alterar a tend\u00eancia de alta do \u00edndice no ano. A combina\u00e7\u00e3o de resultados mostra continuidade da tend\u00eancia de ajuste de estoques associada a uma calibragem para baixo do n\u00edvel de atividade\u201d.<\/p>\n<p>De acordo com o economista, mesmo com a sequ\u00eancia de alta nos \u00faltimos cinco meses, a ind\u00fastria mostra lentid\u00e3o na recupera\u00e7\u00e3o da demanda interna. Ele informou que o recuo em agosto n\u00e3o reflete a maioria dos segmentos. Foram registradas baixas em apenas nove dos 19 segmentos consultados.<\/p>\n<p>A consulta, feita entre 1\u00ba e 24 de agosto, reuniu as informa\u00e7\u00f5es coletadas em 1.107 empresas. O que mais influenciou a retra\u00e7\u00e3o foi a percep\u00e7\u00e3o mais negativa em rela\u00e7\u00e3o aos meses seguintes. O \u00cdndice de Expectativas teve queda de 1,7 ponto, passando para 87,3 pontos, e \u00e9 analisada pela FGV como uma acomoda\u00e7\u00e3o, ap\u00f3s subir 21,4 pontos entre abril e julho.<\/p>\n<p>O \u00cdndice da Situa\u00e7\u00e3o Atual apresentou a mesma varia\u00e7\u00e3o de julho (85,2 pontos), que foi a maior marca desde fevereiro de 2015 (86 pontos). Esse resultado \u00e9 atribu\u00eddo a uma combina\u00e7\u00e3o de melhora na avalia\u00e7\u00e3o dos estoques com piora na percep\u00e7\u00e3o sobre a demanda e o ambiente de neg\u00f3cios.<\/p>\n<p>Para 14,1% das empresas consultadas, o n\u00edvel de estoques est\u00e1 excessivo, percentual abaixo do constatado em julho (14,5%). As que avaliam como insuficiente aumentaram de 4,6% para 5,4%.<\/p>\n<p>A pesquisa tamb\u00e9m mostra que o N\u00edvel de Utiliza\u00e7\u00e3o da Capacidade Instalada (Nuci) caiu 0,5 ponto percentual, passando para 73,8%, o mesmo registrado em maio deste ano.<\/p>\n<p>Marli Moreira &#8211; Rep\u00f3rter da Ag\u00eancia Brasil<br \/>\nEdi\u00e7\u00e3o: Gra\u00e7a Adjuto<br \/>\n30\/08\/2016<\/p>\n","protected":false},"excerpt":{"rendered":"<p>Ap\u00f3s cinco eleva\u00e7\u00f5es consecutivas, o \u00cdndice de Confian\u00e7a da Ind\u00fastria (ICI) apresentou queda de 1 ponto em agosto, atingindo 86,1 pontos. A maior marca do ano foi registrada em julho (87,1) e entre mar\u00e7o e julho houve um ganho de 12,4 pontos, segundo o levantamento feito pelo Instituto Brasileiro de Economia (Ibre) da Funda\u00e7\u00e3o Getulio [&hellip;]<\/p>\n","protected":false},"author":2,"featured_media":57583,"comment_status":"open","ping_status":"closed","sticky":false,"template":"","format":"standard","meta":{"_genesis_hide_title":false,"_genesis_hide_breadcrumbs":false,"_genesis_hide_singular_image":false,"_genesis_hide_footer_widgets":false,"_genesis_custom_body_class":"","_genesis_custom_post_class":"","_genesis_layout":"","_jetpack_memberships_contains_paid_content":false,"footnotes":""},"categories":[22,7],"tags":[],"class_list":{"0":"post-94031","1":"post","2":"type-post","3":"status-publish","4":"format-standard","5":"has-post-thumbnail","7":"category-brasil","8":"category-economia","9":"entry","10":"gs-1","11":"gs-odd","12":"gs-even","13":"gs-featured-content-entry"},"jetpack_featured_media_url":"https:\/\/www.redenoticia.com.br\/noticia\/imagens\/economia-grafico.jpg","jetpack_sharing_enabled":true,"jetpack_likes_enabled":true,"_links":{"self":[{"href":"https:\/\/www.redenoticia.com.br\/noticia\/wp-json\/wp\/v2\/posts\/94031","targetHints":{"allow":["GET"]}}],"collection":[{"href":"https:\/\/www.redenoticia.com.br\/noticia\/wp-json\/wp\/v2\/posts"}],"about":[{"href":"https:\/\/www.redenoticia.com.br\/noticia\/wp-json\/wp\/v2\/types\/post"}],"author":[{"embeddable":true,"href":"https:\/\/www.redenoticia.com.br\/noticia\/wp-json\/wp\/v2\/users\/2"}],"replies":[{"embeddable":true,"href":"https:\/\/www.redenoticia.com.br\/noticia\/wp-json\/wp\/v2\/comments?post=94031"}],"version-history":[{"count":0,"href":"https:\/\/www.redenoticia.com.br\/noticia\/wp-json\/wp\/v2\/posts\/94031\/revisions"}],"wp:featuredmedia":[{"embeddable":true,"href":"https:\/\/www.redenoticia.com.br\/noticia\/wp-json\/wp\/v2\/media\/57583"}],"wp:attachment":[{"href":"https:\/\/www.redenoticia.com.br\/noticia\/wp-json\/wp\/v2\/media?parent=94031"}],"wp:term":[{"taxonomy":"category","embeddable":true,"href":"https:\/\/www.redenoticia.com.br\/noticia\/wp-json\/wp\/v2\/categories?post=94031"},{"taxonomy":"post_tag","embeddable":true,"href":"https:\/\/www.redenoticia.com.br\/noticia\/wp-json\/wp\/v2\/tags?post=94031"}],"curies":[{"name":"wp","href":"https:\/\/api.w.org\/{rel}","templated":true}]}}