{"id":94025,"date":"2016-08-30T05:50:50","date_gmt":"2016-08-30T08:50:50","guid":{"rendered":"http:\/\/www.redenoticia.com.br\/noticia\/?p=94025"},"modified":"2016-08-29T22:51:39","modified_gmt":"2016-08-30T01:51:39","slug":"brasil-defendera-combate-a-evasao-tributaria-na-reuniao-do-g20-na-china","status":"publish","type":"post","link":"https:\/\/www.redenoticia.com.br\/noticia\/2016\/brasil-defendera-combate-a-evasao-tributaria-na-reuniao-do-g20-na-china\/94025","title":{"rendered":"Brasil defender\u00e1 combate \u00e0 evas\u00e3o tribut\u00e1ria na reuni\u00e3o do G20, na China"},"content":{"rendered":"<p> A acelera\u00e7\u00e3o das discuss\u00f5es sobre o combate \u00e0 <strong><em>evas\u00e3o tribut\u00e1ria<\/em><\/strong> ser\u00e1 um dos principais pontos defendidos pelo Brasil na reuni\u00e3o dos presidentes e dos primeiros-ministros do G20 (grupo das 20 maiores economias do planeta), que ocorrer\u00e1 nos dias 4 e 5 de setembro em Hangzhou, na China. Segundo o Minist\u00e9rio da Fazenda, o encontro dever\u00e1 resultar em avan\u00e7os importantes na tributa\u00e7\u00e3o de capitais que se aproveitam de brechas internacionais para migrar para pa\u00edses com impostos mais baixos ou para para\u00edsos fiscais \u2013 onde n\u00e3o pagam tributo nenhum.<\/p>\n<p>Segundo o minist\u00e9rio, um dos pontos de debate ser\u00e1 a tributa\u00e7\u00e3o de empresas multinacionais que burlam a legisla\u00e7\u00e3o para n\u00e3o pagar impostos tanto nos pa\u00edses onde est\u00e3o instaladas quanto nos pa\u00edses-sede. O minist\u00e9rio destaca que as discuss\u00f5es est\u00e3o avan\u00e7adas com v\u00e1rios pa\u00edses, ratificando o acordo da Organiza\u00e7\u00e3o para a Coopera\u00e7\u00e3o e Desenvolvimento Econ\u00f4mico (OCDE) para a troca autom\u00e1tica de informa\u00e7\u00f5es tribut\u00e1rias, de movimenta\u00e7\u00e3o de recursos e do patrim\u00f4nio de contribuintes.<\/p>\n<p>Em junho, o Brasil ratificou o acordo da OCDE assinado em 2014. A partir de 2018, a Receita Federal passar\u00e1 a informar automaticamente aos pa\u00edses do grupo sobre movimenta\u00e7\u00f5es de estrangeiros e, em troca, receber\u00e1 dados de brasileiros no exterior. O Brasil n\u00e3o integra a OCDE, mas tem acordos de parceria com a organiza\u00e7\u00e3o, que re\u00fane 34 pa\u00edses industrializados.<\/p>\n<p>Al\u00e9m do acordo com a OCDE, o Brasil repassa automaticamente informa\u00e7\u00f5es aos Estados Unidos por meio do Ato de Conformidade Fiscal de Contas Estrangeiras (Fatca, na sigla em ingl\u00eas). Ratificado pelo Congresso Nacional em julho do ano passado, o acordo abrange contribuintes de um pa\u00eds com contas-correntes com saldo de pelo menos US$ 50 mil em outro pa\u00eds. Em troca, os Estados Unidos fazem o mesmo.<\/p>\n<p>Fluxo de capitais<\/p>\n<p>Outro ponto importante a ser debatido na reuni\u00e3o de c\u00fapula do G20, de acordo com o Minist\u00e9rio da Fazenda, ser\u00e1 a regula\u00e7\u00e3o do fluxo internacional de capitais. A OCDE est\u00e1 revisando o c\u00f3digo de liberaliza\u00e7\u00e3o do movimento de capitais, que tem 60 anos, para tentar conter a volatilidade dos fluxos financeiros, que podem ser retirados quase instantaneamente de pa\u00edses em momentos de crises internacionais. Segundo o minist\u00e9rio, a volatilidade no capital financeiro cria dificuldades para a economia real de v\u00e1rios pa\u00edses em momentos de turbul\u00eancia global.<\/p>\n<p>O governo brasileiro defender\u00e1 a continuidade das reformas no Fundo Monet\u00e1rio Internacional (FMI). O Minist\u00e9rio da Fazenda esclarece que a amplia\u00e7\u00e3o das cotas dos pa\u00edses emergentes n\u00e3o tem impacto sobre o Or\u00e7amento brasileiro, nem sobre a meta de d\u00e9ficit prim\u00e1rio \u2013 resultado negativo desconsiderando o pagamento de juros da d\u00edvida p\u00fablica. Isso ocorre porque os aportes de capitais do Brasil no FMI saem das reservas internacionais, atualmente em US$ 377 bilh\u00f5es.<\/p>\n<p>Em vez de aplicar o dinheiro das reservas externas em t\u00edtulos do Tesouro americano, o Banco Central adquire direitos especiais de saque no FMI. A opera\u00e7\u00e3o apenas muda a composi\u00e7\u00e3o das reservas internacionais, sem afetar o volume delas.<\/p>\n<p>Concess\u00f5es<\/p>\n<p>O ministro da Fazenda, Henrique Meirelles, deve embarcar para a China com o presidente interino Michel Temer na quarta-feira (31). Antes de ir a Hangzhou, Meirelles participar\u00e1 de semin\u00e1rio com empres\u00e1rios chineses na sexta-feira (2), em Xangai, para apresentar os projetos do governo brasileiro de concess\u00f5es de infra-estrutura.<\/p>\n<p>Wellton M\u00e1ximo \u2013 Rep\u00f3rter da Ag\u00eancia Brasil<br \/>\nEdi\u00e7\u00e3o: Gra\u00e7a Adjuto<br \/>\n30\/08\/2016<\/p>\n","protected":false},"excerpt":{"rendered":"<p>A acelera\u00e7\u00e3o das discuss\u00f5es sobre o combate \u00e0 evas\u00e3o tribut\u00e1ria ser\u00e1 um dos principais pontos defendidos pelo Brasil na reuni\u00e3o dos presidentes e dos primeiros-ministros do G20 (grupo das 20 maiores economias do planeta), que ocorrer\u00e1 nos dias 4 e 5 de setembro em Hangzhou, na China. Segundo o Minist\u00e9rio da Fazenda, o encontro dever\u00e1 [&hellip;]<\/p>\n","protected":false},"author":2,"featured_media":40734,"comment_status":"open","ping_status":"closed","sticky":false,"template":"","format":"standard","meta":{"_genesis_hide_title":false,"_genesis_hide_breadcrumbs":false,"_genesis_hide_singular_image":false,"_genesis_hide_footer_widgets":false,"_genesis_custom_body_class":"","_genesis_custom_post_class":"","_genesis_layout":"","_jetpack_memberships_contains_paid_content":false,"footnotes":""},"categories":[22,7],"tags":[],"class_list":{"0":"post-94025","1":"post","2":"type-post","3":"status-publish","4":"format-standard","5":"has-post-thumbnail","7":"category-brasil","8":"category-economia","9":"entry","10":"gs-1","11":"gs-odd","12":"gs-even","13":"gs-featured-content-entry"},"jetpack_featured_media_url":"https:\/\/www.redenoticia.com.br\/noticia\/imagens\/economia-resultados.jpg","jetpack_sharing_enabled":true,"jetpack_likes_enabled":true,"_links":{"self":[{"href":"https:\/\/www.redenoticia.com.br\/noticia\/wp-json\/wp\/v2\/posts\/94025","targetHints":{"allow":["GET"]}}],"collection":[{"href":"https:\/\/www.redenoticia.com.br\/noticia\/wp-json\/wp\/v2\/posts"}],"about":[{"href":"https:\/\/www.redenoticia.com.br\/noticia\/wp-json\/wp\/v2\/types\/post"}],"author":[{"embeddable":true,"href":"https:\/\/www.redenoticia.com.br\/noticia\/wp-json\/wp\/v2\/users\/2"}],"replies":[{"embeddable":true,"href":"https:\/\/www.redenoticia.com.br\/noticia\/wp-json\/wp\/v2\/comments?post=94025"}],"version-history":[{"count":0,"href":"https:\/\/www.redenoticia.com.br\/noticia\/wp-json\/wp\/v2\/posts\/94025\/revisions"}],"wp:featuredmedia":[{"embeddable":true,"href":"https:\/\/www.redenoticia.com.br\/noticia\/wp-json\/wp\/v2\/media\/40734"}],"wp:attachment":[{"href":"https:\/\/www.redenoticia.com.br\/noticia\/wp-json\/wp\/v2\/media?parent=94025"}],"wp:term":[{"taxonomy":"category","embeddable":true,"href":"https:\/\/www.redenoticia.com.br\/noticia\/wp-json\/wp\/v2\/categories?post=94025"},{"taxonomy":"post_tag","embeddable":true,"href":"https:\/\/www.redenoticia.com.br\/noticia\/wp-json\/wp\/v2\/tags?post=94025"}],"curies":[{"name":"wp","href":"https:\/\/api.w.org\/{rel}","templated":true}]}}