{"id":9398,"date":"2009-08-21T23:35:50","date_gmt":"2009-08-22T03:35:50","guid":{"rendered":"http:\/\/www.redenoticia.com.br\/noticia\/?p=9398"},"modified":"2009-08-21T23:35:50","modified_gmt":"2009-08-22T03:35:50","slug":"climatempo-alerta-que-chuva-de-agosto-em-sao-paulo-ja-e-recorde-de-23-anos","status":"publish","type":"post","link":"https:\/\/www.redenoticia.com.br\/noticia\/2009\/climatempo-alerta-que-chuva-de-agosto-em-sao-paulo-ja-e-recorde-de-23-anos\/9398","title":{"rendered":"Climatempo alerta que chuva de agosto em S\u00e3o Paulo j\u00e1 \u00e9 recorde de 23 anos"},"content":{"rendered":"<p>Climatempo alerta que a semana que come\u00e7ou ensolarada e com calor beirando os 29\u00baC, termina fria, nublada e com garoa. No meio, uma quantidade de chuva excepcional na cidade de S\u00e3o Paulo, que impressiona at\u00e9 os meteorologistas. Segundo o Instituto Nacional de Meteorologia, do dia primeiro at\u00e9 as 9 horas desta sexta-feira, 21 de agosto, j\u00e1 foram acumulados 96,6 mil\u00edmetros de chuva no Mirante de Santana, na zona norte da capital. Segundo a Climatempo s\u00f3 esta semana choveu 94,8 mil\u00edmetros. O total de chuva no Mirante desde m\u00eas j\u00e1 \u00e9 maior quantidade registrada em um m\u00eas de agosto em 23 anos, abaixo apenas de agosto de 1986 quando choveu 97,2 mil\u00edmetros nos 31 dias do m\u00eas.<\/p>\n<p>\u00c9 chuva demais para agosto conforme os dados do Climatempo. Os 96,6 mil\u00edmetros acumulados at\u00e9 esta sexta-feira representam quase tr\u00eas vezes a m\u00e9dia de chuva do m\u00eas, que \u00e9 de 37 mil\u00edmetros. Se estiv\u00e9ssemos no ver\u00e3o, estaria tudo certo, porque \u00e9 \u00e9poca de chuva. Mas agosto tradicionalmente \u00e9 m\u00eas de seca. O normal \u00e9 n\u00e3o chover. A m\u00e9dia de chuva de agosto \u00e9 a menor do ano.<\/p>\n<p>Mas agosto ainda n\u00e3o terminou e h\u00e1 previs\u00e3o mais chuva para os pr\u00f3ximos dias. A Climatempo prev\u00ea que a chuva de agosto de 2009 poder\u00e1 ser um recorde ainda maior. A estimativa inicial feita por supercomputadores indica um total de 45 mil\u00edmetros de chuva at\u00e9 a ter\u00e7a-feira, dia 25. Se este valor se confirmar, a cidade de S\u00e3o Paulo estar\u00e1 muito perto de ter o agosto mais chuvoso desde 1943, considerando as medi\u00e7\u00f5es do Mirante de Santana. At\u00e9 agora, a maior quantidade hist\u00f3rica de chuva acumulada em agosto neste local \u00e9 de 143,6 mil\u00edmetros, em 1976.<\/p>\n<p>Em julho, a Climatempo divulgou que a cidade de S\u00e3o Paulo tamb\u00e9m teve um recorde de chuva hist\u00f3rico, O Instituto Nacional de Meteorologia registrou cerca de 177 mil\u00edmetros de chuva, a maior quantidade em um m\u00eas de julho no Mirante de Santana desde 1943, quando come\u00e7aram as medi\u00e7\u00f5es regulares neste local.<\/p>\n<p>Com tanta chuva fora de hora, \u00e9 natural perguntar de quem \u00e9 a culpa? O que est\u00e1 acontecendo de diferente para chover tanto assim, na \u00e9poca de seca? A resposta pode estar no novo evento El Nino que se desenvolve no Oceano Pac\u00edfico. As \u00e1guas da por\u00e7\u00e3o central e leste do Pac\u00edfico, que abrange a costa do Peru, j\u00e1 est\u00e3o de 0,5\u00baC a 1\u00baC mais quentes do que a m\u00e9dia. Este aquecimento gera altera\u00e7\u00f5es na dire\u00e7\u00e3o e na intensidade dos ventos que j\u00e1 estariam refletindo no padr\u00e3o de precipita\u00e7\u00f5es sobre o Brasil.<\/p>\n<p>Fonte Climatempo<\/p>\n","protected":false},"excerpt":{"rendered":"<p>Climatempo alerta que a semana que come\u00e7ou ensolarada e com calor beirando os 29\u00baC, termina fria, nublada e com garoa. No meio, uma quantidade de chuva excepcional na cidade de S\u00e3o Paulo, que impressiona at\u00e9 os meteorologistas. Segundo o Instituto Nacional de Meteorologia, do dia primeiro at\u00e9 as 9 horas desta sexta-feira, 21 de agosto, [&hellip;]<\/p>\n","protected":false},"author":3,"featured_media":0,"comment_status":"open","ping_status":"open","sticky":false,"template":"","format":"standard","meta":{"_genesis_hide_title":false,"_genesis_hide_breadcrumbs":false,"_genesis_hide_singular_image":false,"_genesis_hide_footer_widgets":false,"_genesis_custom_body_class":"","_genesis_custom_post_class":"","_genesis_layout":"","_jetpack_memberships_contains_paid_content":false,"footnotes":""},"categories":[22,327],"tags":[],"class_list":{"0":"post-9398","1":"post","2":"type-post","3":"status-publish","4":"format-standard","6":"category-brasil","7":"category-clima","8":"entry","9":"gs-1","10":"gs-odd","11":"gs-even","12":"gs-featured-content-entry"},"jetpack_featured_media_url":"","jetpack_sharing_enabled":true,"jetpack_likes_enabled":true,"_links":{"self":[{"href":"https:\/\/www.redenoticia.com.br\/noticia\/wp-json\/wp\/v2\/posts\/9398","targetHints":{"allow":["GET"]}}],"collection":[{"href":"https:\/\/www.redenoticia.com.br\/noticia\/wp-json\/wp\/v2\/posts"}],"about":[{"href":"https:\/\/www.redenoticia.com.br\/noticia\/wp-json\/wp\/v2\/types\/post"}],"author":[{"embeddable":true,"href":"https:\/\/www.redenoticia.com.br\/noticia\/wp-json\/wp\/v2\/users\/3"}],"replies":[{"embeddable":true,"href":"https:\/\/www.redenoticia.com.br\/noticia\/wp-json\/wp\/v2\/comments?post=9398"}],"version-history":[{"count":0,"href":"https:\/\/www.redenoticia.com.br\/noticia\/wp-json\/wp\/v2\/posts\/9398\/revisions"}],"wp:attachment":[{"href":"https:\/\/www.redenoticia.com.br\/noticia\/wp-json\/wp\/v2\/media?parent=9398"}],"wp:term":[{"taxonomy":"category","embeddable":true,"href":"https:\/\/www.redenoticia.com.br\/noticia\/wp-json\/wp\/v2\/categories?post=9398"},{"taxonomy":"post_tag","embeddable":true,"href":"https:\/\/www.redenoticia.com.br\/noticia\/wp-json\/wp\/v2\/tags?post=9398"}],"curies":[{"name":"wp","href":"https:\/\/api.w.org\/{rel}","templated":true}]}}