{"id":9396,"date":"2009-08-21T23:19:50","date_gmt":"2009-08-22T03:19:50","guid":{"rendered":"http:\/\/www.redenoticia.com.br\/noticia\/?p=9396"},"modified":"2009-08-24T12:05:06","modified_gmt":"2009-08-24T16:05:06","slug":"reporter-record-revela-a-exploracao-infantil-no-brasil","status":"publish","type":"post","link":"https:\/\/www.redenoticia.com.br\/noticia\/2009\/reporter-record-revela-a-exploracao-infantil-no-brasil\/9396","title":{"rendered":"Rep\u00f3rter Record revela a explora\u00e7\u00e3o infantil no Brasil"},"content":{"rendered":"<p>Na noite do pr\u00f3ximo domingo, dia 23\/08, o programa jornal\u00edstico da Record especializado em mat\u00e9rias investigativas revela os bastidores de uma realidade chocante: crian\u00e7as do Brasil sofrem viol\u00eancia e explora\u00e7\u00e3o cada vez mais cedo. \u00a0O Rep\u00f3rter Record viajou pelo Nordeste para investigar a trilha da explora\u00e7\u00e3o infantil. Do trabalho for\u00e7ado ao abuso sexual, uma rota de destrui\u00e7\u00e3o e sofrimento.<\/p>\n<p>Nas ruas, a prostitui\u00e7\u00e3o. Crian\u00e7as vendem seus corpos por um lanche, um picol\u00e9 ou at\u00e9 mesmo por um banho de \u00e1gua quente.\u00a0Pelo Rep\u00f3rter Record os telespectadores v\u00e3o conhecer a hist\u00f3ria da garota Isadora. Aos 15 anos, ela trabalha como prostituta nas ruas de Olinda. Quem a agencia? A pr\u00f3pria tia. Um abuso que come\u00e7ou quando a menina tinha apenas 12 anos. Com a explora\u00e7\u00e3o sexual vem tamb\u00e9m o v\u00edcio. Maconha, coca\u00edna, crack: o acesso f\u00e1cil \u00e0s drogas \u00e9 uma tenta\u00e7\u00e3o para jovens desiludidas. \u00c9 a fuga pela autodestrui\u00e7\u00e3o.<\/p>\n<p>O que fazer quando a viol\u00eancia sexual acontece na sala de aula? Uma cidadezinha no sert\u00e3o de Pernambuco \u00e9 palco de um esc\u00e2ndalo. O dono de uma escola violentava os alunos. O Rep\u00f3rter Record exibe ainda uma realidade assustadora: molestadas na inf\u00e2ncia, meninas casam cedo e, fatalmente, com maridos violentos.<\/p>\n<p>O jornal\u00edstico exibe tamb\u00e9m hist\u00f3rias de crian\u00e7as que trocam a escola pelo trabalho. Elas pegam pesado em f\u00e1bricas de gesso, farinha e empresas de reciclagem. Trabalhos puxados, arriscados e sem prote\u00e7\u00e3o. Por que os pais deixam o sustento da fam\u00edlia nas m\u00e3os dos filhos? O retrato de uma sociedade que explora seu elo mais fr\u00e1gil e coloca em xeque o pr\u00f3prio futuro. Apresentado por Marcos Hummel, o Rep\u00f3rter Record vai ao ar \u00e0s 20h45, ap\u00f3s o Domingo Espetacular.<\/p>\n","protected":false},"excerpt":{"rendered":"<p>Na noite do pr\u00f3ximo domingo, dia 23\/08, o programa jornal\u00edstico da Record especializado em mat\u00e9rias investigativas revela os bastidores de uma realidade chocante: crian\u00e7as do Brasil sofrem viol\u00eancia e explora\u00e7\u00e3o cada vez mais cedo. \u00a0O Rep\u00f3rter Record viajou pelo Nordeste para investigar a trilha da explora\u00e7\u00e3o infantil. Do trabalho for\u00e7ado ao abuso sexual, uma rota [&hellip;]<\/p>\n","protected":false},"author":3,"featured_media":0,"comment_status":"open","ping_status":"open","sticky":false,"template":"","format":"standard","meta":{"_genesis_hide_title":false,"_genesis_hide_breadcrumbs":false,"_genesis_hide_singular_image":false,"_genesis_hide_footer_widgets":false,"_genesis_custom_body_class":"","_genesis_custom_post_class":"","_genesis_layout":"","_jetpack_memberships_contains_paid_content":false,"footnotes":""},"categories":[22,343],"tags":[],"class_list":{"0":"post-9396","1":"post","2":"type-post","3":"status-publish","4":"format-standard","6":"category-brasil","7":"category-televisao","8":"entry","9":"gs-1","10":"gs-odd","11":"gs-even","12":"gs-featured-content-entry"},"jetpack_featured_media_url":"","jetpack_sharing_enabled":true,"jetpack_likes_enabled":true,"_links":{"self":[{"href":"https:\/\/www.redenoticia.com.br\/noticia\/wp-json\/wp\/v2\/posts\/9396","targetHints":{"allow":["GET"]}}],"collection":[{"href":"https:\/\/www.redenoticia.com.br\/noticia\/wp-json\/wp\/v2\/posts"}],"about":[{"href":"https:\/\/www.redenoticia.com.br\/noticia\/wp-json\/wp\/v2\/types\/post"}],"author":[{"embeddable":true,"href":"https:\/\/www.redenoticia.com.br\/noticia\/wp-json\/wp\/v2\/users\/3"}],"replies":[{"embeddable":true,"href":"https:\/\/www.redenoticia.com.br\/noticia\/wp-json\/wp\/v2\/comments?post=9396"}],"version-history":[{"count":0,"href":"https:\/\/www.redenoticia.com.br\/noticia\/wp-json\/wp\/v2\/posts\/9396\/revisions"}],"wp:attachment":[{"href":"https:\/\/www.redenoticia.com.br\/noticia\/wp-json\/wp\/v2\/media?parent=9396"}],"wp:term":[{"taxonomy":"category","embeddable":true,"href":"https:\/\/www.redenoticia.com.br\/noticia\/wp-json\/wp\/v2\/categories?post=9396"},{"taxonomy":"post_tag","embeddable":true,"href":"https:\/\/www.redenoticia.com.br\/noticia\/wp-json\/wp\/v2\/tags?post=9396"}],"curies":[{"name":"wp","href":"https:\/\/api.w.org\/{rel}","templated":true}]}}