{"id":93828,"date":"2016-08-29T06:27:28","date_gmt":"2016-08-29T09:27:28","guid":{"rendered":"http:\/\/www.redenoticia.com.br\/noticia\/?p=93828"},"modified":"2016-08-26T14:28:29","modified_gmt":"2016-08-26T17:28:29","slug":"expectativa-do-consumidor-cresce-em-agosto-mas-fica-abaixo-da-media-historica","status":"publish","type":"post","link":"https:\/\/www.redenoticia.com.br\/noticia\/2016\/expectativa-do-consumidor-cresce-em-agosto-mas-fica-abaixo-da-media-historica\/93828","title":{"rendered":"Expectativa do consumidor cresce em agosto, mas fica abaixo da m\u00e9dia hist\u00f3rica"},"content":{"rendered":"<p> A Confedera\u00e7\u00e3o Nacional da Ind\u00fastria (CNI) informou que o <strong><em>\u00cdndice Nacional de Expectativa do Consumidor<\/em><\/strong> (Inec) aumentou 0,8% em agosto na compara\u00e7\u00e3o com julho e alcan\u00e7ou 102 pontos, puxado pela melhora das expectativas em rela\u00e7\u00e3o \u00e0 infla\u00e7\u00e3o, ao emprego e \u00e0 renda pessoal. Mesmo com o resultado, a CNI destaca que o indicador continua 6,3% abaixo da m\u00e9dia hist\u00f3rica, de 109 pontos.<\/p>\n<p>Pelos dados de agosto, os \u00edndices mostram que os consumidores acreditam que a situa\u00e7\u00e3o financeira melhorou nos \u00faltimos tr\u00eas meses. Em agosto, o indicador de expectativa de infla\u00e7\u00e3o aumentou 2,7%, o de desemprego subiu 1,4% e o de renda pessoal cresceu 2,5% na compara\u00e7\u00e3o com julho. Quanto maior o indicador, maior \u00e9 o n\u00famero de pessoas que esperam a queda da infla\u00e7\u00e3o e do desemprego e o aumento da renda pessoal. O indicador de situa\u00e7\u00e3o financeira aumentou 1,1% em rela\u00e7\u00e3o a julho.<\/p>\n<p>Mesmo assim, avalia a CNI, os brasileiros ainda est\u00e3o cautelosos com as compras de bens de maior valor, como autom\u00f3veis e im\u00f3veis. O indicador de expectativa de compras de maior valor caiu 1,3% em rela\u00e7\u00e3o a julho e foi o \u00fanico componente do Inec que registrou queda na compara\u00e7\u00e3o mensal, informou a confedera\u00e7\u00e3o.<\/p>\n<p>Segundo a CNI, o Inec \u00e9 importante porque antecipa tend\u00eancias de consumo. A confedera\u00e7\u00e3o destaca que consumidores confiantes, com perspectivas positivas em rela\u00e7\u00e3o ao emprego e \u00e0 situa\u00e7\u00e3o financeira, tendem a comprar mais, o que aquece a atividade econ\u00f4mica.<\/p>\n<p>Da Ag\u00eancia Brasil<br \/>\nEdi\u00e7\u00e3o: Juliana Andrade<br \/>\n29\/08\/2016 <\/p>\n","protected":false},"excerpt":{"rendered":"<p>A Confedera\u00e7\u00e3o Nacional da Ind\u00fastria (CNI) informou que o \u00cdndice Nacional de Expectativa do Consumidor (Inec) aumentou 0,8% em agosto na compara\u00e7\u00e3o com julho e alcan\u00e7ou 102 pontos, puxado pela melhora das expectativas em rela\u00e7\u00e3o \u00e0 infla\u00e7\u00e3o, ao emprego e \u00e0 renda pessoal. Mesmo com o resultado, a CNI destaca que o indicador continua 6,3% [&hellip;]<\/p>\n","protected":false},"author":2,"featured_media":57584,"comment_status":"open","ping_status":"closed","sticky":false,"template":"","format":"standard","meta":{"_genesis_hide_title":false,"_genesis_hide_breadcrumbs":false,"_genesis_hide_singular_image":false,"_genesis_hide_footer_widgets":false,"_genesis_custom_body_class":"","_genesis_custom_post_class":"","_genesis_layout":"","_jetpack_memberships_contains_paid_content":false,"footnotes":""},"categories":[22,7],"tags":[],"class_list":{"0":"post-93828","1":"post","2":"type-post","3":"status-publish","4":"format-standard","5":"has-post-thumbnail","7":"category-brasil","8":"category-economia","9":"entry","10":"gs-1","11":"gs-odd","12":"gs-even","13":"gs-featured-content-entry"},"jetpack_featured_media_url":"https:\/\/www.redenoticia.com.br\/noticia\/imagens\/economia-grafica-analise-inflacao.jpg","jetpack_sharing_enabled":true,"jetpack_likes_enabled":true,"_links":{"self":[{"href":"https:\/\/www.redenoticia.com.br\/noticia\/wp-json\/wp\/v2\/posts\/93828","targetHints":{"allow":["GET"]}}],"collection":[{"href":"https:\/\/www.redenoticia.com.br\/noticia\/wp-json\/wp\/v2\/posts"}],"about":[{"href":"https:\/\/www.redenoticia.com.br\/noticia\/wp-json\/wp\/v2\/types\/post"}],"author":[{"embeddable":true,"href":"https:\/\/www.redenoticia.com.br\/noticia\/wp-json\/wp\/v2\/users\/2"}],"replies":[{"embeddable":true,"href":"https:\/\/www.redenoticia.com.br\/noticia\/wp-json\/wp\/v2\/comments?post=93828"}],"version-history":[{"count":0,"href":"https:\/\/www.redenoticia.com.br\/noticia\/wp-json\/wp\/v2\/posts\/93828\/revisions"}],"wp:featuredmedia":[{"embeddable":true,"href":"https:\/\/www.redenoticia.com.br\/noticia\/wp-json\/wp\/v2\/media\/57584"}],"wp:attachment":[{"href":"https:\/\/www.redenoticia.com.br\/noticia\/wp-json\/wp\/v2\/media?parent=93828"}],"wp:term":[{"taxonomy":"category","embeddable":true,"href":"https:\/\/www.redenoticia.com.br\/noticia\/wp-json\/wp\/v2\/categories?post=93828"},{"taxonomy":"post_tag","embeddable":true,"href":"https:\/\/www.redenoticia.com.br\/noticia\/wp-json\/wp\/v2\/tags?post=93828"}],"curies":[{"name":"wp","href":"https:\/\/api.w.org\/{rel}","templated":true}]}}