{"id":93822,"date":"2016-08-29T06:24:48","date_gmt":"2016-08-29T09:24:48","guid":{"rendered":"http:\/\/www.redenoticia.com.br\/noticia\/?p=93822"},"modified":"2016-08-26T14:26:46","modified_gmt":"2016-08-26T17:26:46","slug":"barreiras-comerciais-restringem-competitividade-de-produtos-brasileiros","status":"publish","type":"post","link":"https:\/\/www.redenoticia.com.br\/noticia\/2016\/barreiras-comerciais-restringem-competitividade-de-produtos-brasileiros\/93822","title":{"rendered":"Barreiras comerciais restringem competitividade de produtos brasileiros"},"content":{"rendered":"<p> O diplomata brasileiro em miss\u00e3o na Organiza\u00e7\u00e3o Mundial do Com\u00e9rcio (OMC), Celso de Tarso Pereira, disse que \u00e9 poss\u00edvel ampliar mercado para os <strong><em>produtos brasileiros no exterior<\/em><\/strong> com a derrubada de barreiras comerciais e que esse \u00e9 um desafio para o pa\u00eds.<\/p>\n<p>\u201cS\u00e3o produtos competitivos, produzidos sem subs\u00eddios, que deveriam ter um acesso desimpedido nos principais mercados. O desafio \u00e9 definir uma estrat\u00e9gia para desmantelar essas barreiras\u201d, disse o diplomata, que participou do 4\u00ba F\u00f3rum de Agricultura da Am\u00e9rica do Sul, no Museu Oscar Niemeyer, em Curitiba.<\/p>\n<p>Pereira citou o exemplo do a\u00e7\u00facar e do frango, produtos dos quais o Brasil \u00e9 l\u00edder em exporta\u00e7\u00f5es, mas que s\u00f3 s\u00e3o vendidos \u00e0 Uni\u00e3o Europeia no sistema de quotas tarif\u00e1rias. O que excede as cotas \u00e9 taxado com tarifas de importa\u00e7\u00e3o mais altas.<\/p>\n<p>Segundo o diplomata, existe uma \u201cfortaleza\u201d de restri\u00e7\u00f5es, de cotas e de picos tarif\u00e1rios que impedem que as exporta\u00e7\u00f5es brasileiras sejam t\u00e3o competitivas quanto os produtos industrializados de outros pa\u00edses s\u00e3o no mercado nacional. \u201c\u00c9 quase uma d\u00edvida hist\u00f3rica que deveria ser equacionada. Ela ser\u00e1, mas apenas gradualmente\u201d, avaliou.<\/p>\n<p>As negocia\u00e7\u00f5es para que as barreiras agr\u00edcolas sejam superadas s\u00e3o duras, segundo Pereira, principalmente porque os pa\u00edses envolvidos exigem contrapartidas econ\u00f4micas em outros setores, como na \u00e1rea de servi\u00e7os ou de compras governamentais. \u201cA discuss\u00e3o fica mais dif\u00edcil, porque \u00e9 necess\u00e1rio ter na mesa n\u00e3o s\u00f3 os representantes da \u00e1rea agr\u00edcola, mas tamb\u00e9m do resto da economia brasileira\u201d, explicou.<\/p>\n<p>Barreiras sanit\u00e1rias<\/p>\n<p>Celso de Tarso Pereira tamb\u00e9m falou sobre as barreiras \u201ccriativas\u201d praticadas no mercado internacional. Segundo ele, v\u00e1rios pa\u00edses imp\u00f5em restri\u00e7\u00f5es a produtos agr\u00edcolas brasileiros sob o pretexto de que eles n\u00e3o seguem padr\u00f5es sanit\u00e1rios internacionais. \u201cS\u00e3o barreiras impostas sem a devida fundamenta\u00e7\u00e3o cient\u00edfica, apenas com intuito protecionista\u201d, ressaltou.<\/p>\n<p>Para contornar o problema, o diplomata apontou duas solu\u00e7\u00f5es poss\u00edveis em \u00e2mbito internacional. A primeira seria a negocia\u00e7\u00e3o direta com os poss\u00edveis importadores, para convenc\u00ea-los de que os produtos brasileiros cumprem as normas sanit\u00e1rias internacionais. E a segunda solu\u00e7\u00e3o, mais dr\u00e1stica, seria uma a\u00e7\u00e3o de lit\u00edgio junto \u00e0 OMC para que as barreiras sem fundamenta\u00e7\u00e3o cient\u00edfica sejam derrubadas.<\/p>\n<p>O governo brasileiro n\u00e3o descarta a solu\u00e7\u00e3o dr\u00e1stica, segundo o diretor de Acesso a Mercados e Competitividade do Minist\u00e9rio da Agricultura, Pecu\u00e1ria e Abastecimento, Jo\u00e3o Lu\u00eds Rossi, que tamb\u00e9m participou do f\u00f3rum: \u201cPodemos at\u00e9 recorrer a um lit\u00edgio via OMC caso os nossos argumentos, que s\u00e3o cient\u00edficos e baseados em princ\u00edpios t\u00e9cnicos, n\u00e3o sejam aceitos por quest\u00f5es que n\u00e3o tiverem uma justificativa plaus\u00edvel.\u201d<\/p>\n<p>Daniel Isaia &#8211; Correspondente da Ag\u00eancia Brasil<br \/>\nEdi\u00e7\u00e3o: Luana Louren\u00e7o<br \/>\n29\/08\/2016<\/p>\n","protected":false},"excerpt":{"rendered":"<p>O diplomata brasileiro em miss\u00e3o na Organiza\u00e7\u00e3o Mundial do Com\u00e9rcio (OMC), Celso de Tarso Pereira, disse que \u00e9 poss\u00edvel ampliar mercado para os produtos brasileiros no exterior com a derrubada de barreiras comerciais e que esse \u00e9 um desafio para o pa\u00eds. \u201cS\u00e3o produtos competitivos, produzidos sem subs\u00eddios, que deveriam ter um acesso desimpedido nos [&hellip;]<\/p>\n","protected":false},"author":2,"featured_media":57583,"comment_status":"open","ping_status":"closed","sticky":false,"template":"","format":"standard","meta":{"_genesis_hide_title":false,"_genesis_hide_breadcrumbs":false,"_genesis_hide_singular_image":false,"_genesis_hide_footer_widgets":false,"_genesis_custom_body_class":"","_genesis_custom_post_class":"","_genesis_layout":"","_jetpack_memberships_contains_paid_content":false,"footnotes":""},"categories":[22,7],"tags":[],"class_list":{"0":"post-93822","1":"post","2":"type-post","3":"status-publish","4":"format-standard","5":"has-post-thumbnail","7":"category-brasil","8":"category-economia","9":"entry","10":"gs-1","11":"gs-odd","12":"gs-even","13":"gs-featured-content-entry"},"jetpack_featured_media_url":"https:\/\/www.redenoticia.com.br\/noticia\/imagens\/economia-grafico.jpg","jetpack_sharing_enabled":true,"jetpack_likes_enabled":true,"_links":{"self":[{"href":"https:\/\/www.redenoticia.com.br\/noticia\/wp-json\/wp\/v2\/posts\/93822","targetHints":{"allow":["GET"]}}],"collection":[{"href":"https:\/\/www.redenoticia.com.br\/noticia\/wp-json\/wp\/v2\/posts"}],"about":[{"href":"https:\/\/www.redenoticia.com.br\/noticia\/wp-json\/wp\/v2\/types\/post"}],"author":[{"embeddable":true,"href":"https:\/\/www.redenoticia.com.br\/noticia\/wp-json\/wp\/v2\/users\/2"}],"replies":[{"embeddable":true,"href":"https:\/\/www.redenoticia.com.br\/noticia\/wp-json\/wp\/v2\/comments?post=93822"}],"version-history":[{"count":0,"href":"https:\/\/www.redenoticia.com.br\/noticia\/wp-json\/wp\/v2\/posts\/93822\/revisions"}],"wp:featuredmedia":[{"embeddable":true,"href":"https:\/\/www.redenoticia.com.br\/noticia\/wp-json\/wp\/v2\/media\/57583"}],"wp:attachment":[{"href":"https:\/\/www.redenoticia.com.br\/noticia\/wp-json\/wp\/v2\/media?parent=93822"}],"wp:term":[{"taxonomy":"category","embeddable":true,"href":"https:\/\/www.redenoticia.com.br\/noticia\/wp-json\/wp\/v2\/categories?post=93822"},{"taxonomy":"post_tag","embeddable":true,"href":"https:\/\/www.redenoticia.com.br\/noticia\/wp-json\/wp\/v2\/tags?post=93822"}],"curies":[{"name":"wp","href":"https:\/\/api.w.org\/{rel}","templated":true}]}}