{"id":93819,"date":"2016-08-29T06:23:35","date_gmt":"2016-08-29T09:23:35","guid":{"rendered":"http:\/\/www.redenoticia.com.br\/noticia\/?p=93819"},"modified":"2016-08-26T14:27:22","modified_gmt":"2016-08-26T17:27:22","slug":"meta-do-g20-e-elevar-pib-mundial-em-pelo-menos-2-adicionais-ate-2018","status":"publish","type":"post","link":"https:\/\/www.redenoticia.com.br\/noticia\/2016\/meta-do-g20-e-elevar-pib-mundial-em-pelo-menos-2-adicionais-ate-2018\/93819","title":{"rendered":"Meta do G20 \u00e9 elevar PIB mundial em pelo menos 2% adicionais at\u00e9 2018"},"content":{"rendered":"<p> Estrat\u00e9gias para elevar o <strong><em>Produto Interno Bruto<\/em><\/strong> (PIB) coletivo mundial, reformas estruturais para o crescimento no m\u00e9dio prazo e as contribui\u00e7\u00f5es dos 20 pa\u00edses mais ricos para o cumprimento da Agenda 2030 dos Objetivos de Desenvolvimento Sustent\u00e1vel (ODS) s\u00e3o os temas centrais da C\u00fapula de Lideres do G20 que vai ocorrer nos dias 4 e 5 de setembro, em Hangzhou, na China. Os principais resultados esperados foram apresentados em Bras\u00edlia, pelo Minist\u00e9rio das Rela\u00e7\u00f5es Exteriores.<\/p>\n<p>O embaixador Carlos M\u00e1rcio Cozendey confirmou que o presidente interino Michel Temer vai ao G-20, caso seja confirmado na Presid\u00eancia da Rep\u00fablica ap\u00f3s a vota\u00e7\u00e3o do impeachment, no Senado, de Dilma Rousseff. Michel Temer viaja dia 31 e retorna ao Brasil no dia 6, a tempo para as comemora\u00e7\u00f5es de 7 de setembro.<\/p>\n<p>Segundo o subsecret\u00e1rio-geral de Assuntos Econ\u00f4micos e Financeiros do Minist\u00e9rio das Rela\u00e7\u00f5es Exteriores, o embaixador Carlos M\u00e1rcio Cozendey, durante o evento deve ser aprovado um novo plano de a\u00e7\u00e3o, que atualiza as estrat\u00e9gias de crescimento que foram formuladas pelos pa\u00edses em 2014. A meta \u00e9 elevar o PIB coletivo em pelo menos 2% adicionais at\u00e9 2018.<\/p>\n<p>\u201cHaver\u00e1 um exerc\u00edcio de monitoramento e de avalia\u00e7\u00e3o do impacto do atual plano de a\u00e7\u00e3o e os pa\u00edses v\u00e3o indicar as medidas econ\u00f4micas que pretendem adotar\u201d, disse Cozendey. Ele afirmou que, entre os compromissos assumidos em 2014, at\u00e9 o momento 45% foram implementadas, 40% est\u00e3o em execu\u00e7\u00e3o, e 15% t\u00eam progresso limitado.<\/p>\n<p>Quando o grupo surgiu, em 2008, o objetivo era evitar que a crise se aprofundasse, com a\u00e7\u00f5es de curto prazo, ressaltou o embaixador. \u201cA situa\u00e7\u00e3o da economia agora, n\u00e3o mostra recess\u00e3o, mas tampouco h\u00e1 um crescimento vigoroso da economia internacional\u201d, disse, ressaltando que ser\u00e3o colocados em discuss\u00e3o fatores estruturais que podem gerar crescimento no m\u00e9dio prazo.&#8221;<\/p>\n<p>Segundo o subsecret\u00e1rio, al\u00e9m das reformas que cada pa\u00eds deve indicar, a China quer colocar em discuss\u00e3o as tem\u00e1ticas da inova\u00e7\u00e3o, da economia digital e da nova revolu\u00e7\u00e3o industrial, como forma de gerar um crescimento inovativo e inclusivo. No caso do Brasil, as reformas s\u00e3o as que o Minist\u00e9rio da Fazenda tem apresentado.<\/p>\n<p>Cozendey lembrou que na \u00e1rea de desenvolvimento sustent\u00e1vel, os Objetivos de Desenvolvimento do Mil\u00eanio (ODS) sempre foram mais voltados para pa\u00edses em desenvolvimento, como redu\u00e7\u00e3o da pobreza e da mortalidade infantil e que a Agenda 2030 se aplica agora a todos os pa\u00edses, com metas sobre quest\u00f5es n\u00e3o s\u00f3 sociais, mas tamb\u00e9m ambientais e econ\u00f4micas.<\/p>\n<p>A ideia \u00e9 que o G-20 passe a fazer o acompanhamento dos ODS dentro da sua \u00e1rea de atua\u00e7\u00e3o, auxiliando tanto os pa\u00edses em desenvolvimento quanto suas a\u00e7\u00f5es. \u201cQue os objetivos [ODS] sejam orientadores da coopera\u00e7\u00e3o internacional\u201d, disse o embaixador.<\/p>\n<p>Debates<\/p>\n<p>Outros temas que impactam a economia mundial, como meio ambiente, energia, combate \u00e0 corrup\u00e7\u00e3o, com\u00e9rcio de investimentos e emprego tamb\u00e9m far\u00e3o parte das discuss\u00f5es. No combate \u00e0 corrup\u00e7\u00e3o, por exemplo, podem ser estabelecidas formas de coopera\u00e7\u00e3o entre as autoridades, para apresenta\u00e7\u00e3o de boas pr\u00e1ticas e obten\u00e7\u00e3o de informa\u00e7\u00f5es, e coopera\u00e7\u00e3o acerca de pessoas procuradas por corrup\u00e7\u00e3o e recupera\u00e7\u00e3o de ativos.<\/p>\n<p>O G-20 re\u00fane 20 pa\u00edses com economias que cobrem 85% do PIB global e t\u00eam cerca de 65% da popula\u00e7\u00e3o. Os pa\u00edses que comp\u00f5em o G20 s\u00e3o Argentina, Austr\u00e1lia, Brasil, Canad\u00e1, China, Fran\u00e7a, Alemanha, \u00cdndia, Indon\u00e9sia, It\u00e1lia, Jap\u00e3o, M\u00e9xico, R\u00fassia, Ar\u00e1bia Saudita, \u00c1frica do Sul, Coreia do Sul, Turquia, Reino Unido e Estados Unidos, al\u00e9m da Uni\u00e3o Europeia.<\/p>\n<p>J\u00e1 a presidenta afastada n\u00e3o tratou com o Itamaraty sobre participa\u00e7\u00e3o no evento, caso reassuma o cargo.<\/p>\n<p>Andreia Verd\u00e9lio \u2013 Rep\u00f3rter da Ag\u00eancia Brasil<br \/>\nEdi\u00e7\u00e3o: Maria Claudia<br \/>\n29\/08\/2016<\/p>\n","protected":false},"excerpt":{"rendered":"<p>Estrat\u00e9gias para elevar o Produto Interno Bruto (PIB) coletivo mundial, reformas estruturais para o crescimento no m\u00e9dio prazo e as contribui\u00e7\u00f5es dos 20 pa\u00edses mais ricos para o cumprimento da Agenda 2030 dos Objetivos de Desenvolvimento Sustent\u00e1vel (ODS) s\u00e3o os temas centrais da C\u00fapula de Lideres do G20 que vai ocorrer nos dias 4 e [&hellip;]<\/p>\n","protected":false},"author":2,"featured_media":57582,"comment_status":"open","ping_status":"closed","sticky":false,"template":"","format":"standard","meta":{"_genesis_hide_title":false,"_genesis_hide_breadcrumbs":false,"_genesis_hide_singular_image":false,"_genesis_hide_footer_widgets":false,"_genesis_custom_body_class":"","_genesis_custom_post_class":"","_genesis_layout":"","_jetpack_memberships_contains_paid_content":false,"footnotes":""},"categories":[22,7],"tags":[],"class_list":{"0":"post-93819","1":"post","2":"type-post","3":"status-publish","4":"format-standard","5":"has-post-thumbnail","7":"category-brasil","8":"category-economia","9":"entry","10":"gs-1","11":"gs-odd","12":"gs-even","13":"gs-featured-content-entry"},"jetpack_featured_media_url":"https:\/\/www.redenoticia.com.br\/noticia\/imagens\/grafico1.jpg","jetpack_sharing_enabled":true,"jetpack_likes_enabled":true,"_links":{"self":[{"href":"https:\/\/www.redenoticia.com.br\/noticia\/wp-json\/wp\/v2\/posts\/93819","targetHints":{"allow":["GET"]}}],"collection":[{"href":"https:\/\/www.redenoticia.com.br\/noticia\/wp-json\/wp\/v2\/posts"}],"about":[{"href":"https:\/\/www.redenoticia.com.br\/noticia\/wp-json\/wp\/v2\/types\/post"}],"author":[{"embeddable":true,"href":"https:\/\/www.redenoticia.com.br\/noticia\/wp-json\/wp\/v2\/users\/2"}],"replies":[{"embeddable":true,"href":"https:\/\/www.redenoticia.com.br\/noticia\/wp-json\/wp\/v2\/comments?post=93819"}],"version-history":[{"count":0,"href":"https:\/\/www.redenoticia.com.br\/noticia\/wp-json\/wp\/v2\/posts\/93819\/revisions"}],"wp:featuredmedia":[{"embeddable":true,"href":"https:\/\/www.redenoticia.com.br\/noticia\/wp-json\/wp\/v2\/media\/57582"}],"wp:attachment":[{"href":"https:\/\/www.redenoticia.com.br\/noticia\/wp-json\/wp\/v2\/media?parent=93819"}],"wp:term":[{"taxonomy":"category","embeddable":true,"href":"https:\/\/www.redenoticia.com.br\/noticia\/wp-json\/wp\/v2\/categories?post=93819"},{"taxonomy":"post_tag","embeddable":true,"href":"https:\/\/www.redenoticia.com.br\/noticia\/wp-json\/wp\/v2\/tags?post=93819"}],"curies":[{"name":"wp","href":"https:\/\/api.w.org\/{rel}","templated":true}]}}