{"id":93814,"date":"2016-08-29T06:20:46","date_gmt":"2016-08-29T09:20:46","guid":{"rendered":"http:\/\/www.redenoticia.com.br\/noticia\/?p=93814"},"modified":"2016-08-26T14:22:10","modified_gmt":"2016-08-26T17:22:10","slug":"bndes-abre-linha-de-credito-para-empresas-que-precisam-de-capital-de-giro","status":"publish","type":"post","link":"https:\/\/www.redenoticia.com.br\/noticia\/2016\/bndes-abre-linha-de-credito-para-empresas-que-precisam-de-capital-de-giro\/93814","title":{"rendered":"BNDES abre linha de cr\u00e9dito para empresas que precisam de capital de giro"},"content":{"rendered":"<p> O governo federal anunciou a abertura de duas <strong><em>linhas de cr\u00e9dito<\/em><\/strong> que, por meio do Banco Nacional de Desenvolvimento Econ\u00f4mico e Social (BNDES), visam ajudar empresas que precisam de apoio financeiro para ter capital de giro, e para empresas em dificuldades que necessitam de apoio para recupera\u00e7\u00e3o judicial, extrajudicial ou de fal\u00eancia.<\/p>\n<p>A meta \u00e9 criar condi\u00e7\u00f5es para que empresas em situa\u00e7\u00e3o de crise econ\u00f4mico-financeira superem dificuldades para obten\u00e7\u00e3o de cr\u00e9dito.<\/p>\n<p>Segundo a presidente do BNDES, Maria S\u00edlvia Bastos Marques, a inten\u00e7\u00e3o do governo \u00e9 melhorar as condi\u00e7\u00f5es para as empresas \u201cneste momento de elevada taxa de desemprego e economia em retra\u00e7\u00e3o, e um volume expressivo de empresas em recupera\u00e7\u00e3o judicial\u201d. <\/p>\n<p>A primeira linha, de capital de giro, j\u00e1 existe no BNDES. \u00c9 o Programa de Apoio ao Fortalecimento da Capacidade de Gera\u00e7\u00e3o de Emprego e Renda (Progeren), que teve seu prazo de vig\u00eancia prorrogado at\u00e9 31 de dezembro de 2017, al\u00e9m de receber um refor\u00e7o or\u00e7ament\u00e1rio de R$ 2,3 bilh\u00f5es.<\/p>\n<p>\u201cEstamos ajustando essa linha em condi\u00e7\u00f5es que consideramos mais adequadas para o momento em que estamos vivendo. Essa linha, que era de R$ 7,7 bilh\u00f5es, passa para R$ 10 bilh\u00f5es\u201d, disse a presidente do BNDES. Deste total, R$ 7 bilh\u00f5es ter\u00e3o como destino micro, pequenas e m\u00e9dias empresas, com faturamento anual de at\u00e9 R$ 90 milh\u00f5es.<\/p>\n<p>Juros reduzidos<\/p>\n<p>Os juros anuais cobrados das empresas participantes desse programa ser\u00e3o reduzidos para 9,5%, no caso de empresas de micro, pequeno e m\u00e9dio porte (com faturamento anual de at\u00e9 R$ 90 milh\u00f5es). Atualmente, os juros cobrados de empresas que aderiram ao programa est\u00e3o em 10,2% para micro e pequenas empresas e em 12,56% para empresas de m\u00e9dio porte.<\/p>\n<p>No caso das empresas de m\u00e9dio-grande porte (com faturamento anual entre R$ 90 milh\u00f5es e R$ 300 milh\u00f5es), a queda ser\u00e1 dos atuais 14,61% para 13,06%. J\u00e1 os juros cobrados das empresas de grande porte (com faturamento anual superior a R$ 300 milh\u00f5es) ser\u00e3o reduzidos dos atuais 17,11% para 16,61%.<\/p>\n<p>O apoio do BNDES ser\u00e1 feito de forma indireta, por meio de sua rede de agentes financeiros credenciados, o que faz com que os empres\u00e1rios acabem tendo de pagar o spread banc\u00e1rio \u2013 diferen\u00e7a entre as taxas que os bancos pagam para captar recursos e as que cobram dos clientes \u2013 cobrado pelo banco repassador.<\/p>\n<p>Recupera\u00e7\u00e3o judicial<\/p>\n<p>A segunda linha de cr\u00e9dito \u00e9 destinada a ajudar  empresas em situa\u00e7\u00e3o de recupera\u00e7\u00e3o judicial, extrajudicial ou fal\u00eancia a buscarem apoio de outras empresas em melhor situa\u00e7\u00e3o, por meio da transfer\u00eancia de ativos. O Programa de Incentivo \u00e0 Revitaliza\u00e7\u00e3o de Ativos Produtivos ter\u00e1 or\u00e7amento de R$ 5 bilh\u00f5es e prazo de vig\u00eancia at\u00e9 31 de agosto de 2017.<\/p>\n<p>\u201cTemos elevado n\u00famero de empresas em recupera\u00e7\u00e3o judicial. As estat\u00edsticas s\u00e3o bastante preocupantes. Apenas 1,1% das empresas tem sa\u00eddo do processo de recupera\u00e7\u00e3o judicial. Isso em um prazo que vai de seis a dez anos. Esses prazos s\u00e3o muito diferentes dos prazos que temos observado nos pa\u00edses desenvolvidos, onde cerca 20% a 30% das empresas saem desse processo em um prazo muito mais curto do que dois anos\u201d, disse a presidente do BNDES.<\/p>\n<p>Segundo ela, apenas no primeiro semestre deste ano, 923 empresas entraram em recupera\u00e7\u00e3o judicial. \u201c\u00c9 um n\u00famero quase 90% maior do que o do ano passado no mesmo per\u00edodo. Buscamos formas de como o banco atuar de forma a preservar e incentivar a atividade econ\u00f4mica e, dessa forma, preservar empregos\u201d.<\/p>\n<p>As empresas que comprarem os ativos dessas empresas em situa\u00e7\u00e3o de recupera\u00e7\u00e3o ter\u00e3o obrigatoriamente de manter a atividade produtiva, mesmo que seja em outro setor. \u201cEla pode comprar esse ativo e transformar em outra atividade, mas tem de ser uma atividade produtiva\u201d, disse Maria S\u00edlvia. Segundo ela, a linha de financiamento criada n\u00e3o concorre com os bancos privados por entrar onde o mercado privado n\u00e3o est\u00e1 atuando.<\/p>\n<p>Pedro Peduzzi \u2013 Rep\u00f3rter da Ag\u00eancia Brasil<br \/>\nEdi\u00e7\u00e3o: Kleber Sampaio<br \/>\n29\/08\/2016<\/p>\n","protected":false},"excerpt":{"rendered":"<p>O governo federal anunciou a abertura de duas linhas de cr\u00e9dito que, por meio do Banco Nacional de Desenvolvimento Econ\u00f4mico e Social (BNDES), visam ajudar empresas que precisam de apoio financeiro para ter capital de giro, e para empresas em dificuldades que necessitam de apoio para recupera\u00e7\u00e3o judicial, extrajudicial ou de fal\u00eancia. A meta \u00e9 [&hellip;]<\/p>\n","protected":false},"author":2,"featured_media":40734,"comment_status":"open","ping_status":"closed","sticky":false,"template":"","format":"standard","meta":{"_genesis_hide_title":false,"_genesis_hide_breadcrumbs":false,"_genesis_hide_singular_image":false,"_genesis_hide_footer_widgets":false,"_genesis_custom_body_class":"","_genesis_custom_post_class":"","_genesis_layout":"","_jetpack_memberships_contains_paid_content":false,"footnotes":""},"categories":[22,7],"tags":[],"class_list":{"0":"post-93814","1":"post","2":"type-post","3":"status-publish","4":"format-standard","5":"has-post-thumbnail","7":"category-brasil","8":"category-economia","9":"entry","10":"gs-1","11":"gs-odd","12":"gs-even","13":"gs-featured-content-entry"},"jetpack_featured_media_url":"https:\/\/www.redenoticia.com.br\/noticia\/imagens\/economia-resultados.jpg","jetpack_sharing_enabled":true,"jetpack_likes_enabled":true,"_links":{"self":[{"href":"https:\/\/www.redenoticia.com.br\/noticia\/wp-json\/wp\/v2\/posts\/93814","targetHints":{"allow":["GET"]}}],"collection":[{"href":"https:\/\/www.redenoticia.com.br\/noticia\/wp-json\/wp\/v2\/posts"}],"about":[{"href":"https:\/\/www.redenoticia.com.br\/noticia\/wp-json\/wp\/v2\/types\/post"}],"author":[{"embeddable":true,"href":"https:\/\/www.redenoticia.com.br\/noticia\/wp-json\/wp\/v2\/users\/2"}],"replies":[{"embeddable":true,"href":"https:\/\/www.redenoticia.com.br\/noticia\/wp-json\/wp\/v2\/comments?post=93814"}],"version-history":[{"count":0,"href":"https:\/\/www.redenoticia.com.br\/noticia\/wp-json\/wp\/v2\/posts\/93814\/revisions"}],"wp:featuredmedia":[{"embeddable":true,"href":"https:\/\/www.redenoticia.com.br\/noticia\/wp-json\/wp\/v2\/media\/40734"}],"wp:attachment":[{"href":"https:\/\/www.redenoticia.com.br\/noticia\/wp-json\/wp\/v2\/media?parent=93814"}],"wp:term":[{"taxonomy":"category","embeddable":true,"href":"https:\/\/www.redenoticia.com.br\/noticia\/wp-json\/wp\/v2\/categories?post=93814"},{"taxonomy":"post_tag","embeddable":true,"href":"https:\/\/www.redenoticia.com.br\/noticia\/wp-json\/wp\/v2\/tags?post=93814"}],"curies":[{"name":"wp","href":"https:\/\/api.w.org\/{rel}","templated":true}]}}